{"id":9277,"date":"2022-03-08T11:05:00","date_gmt":"2022-03-08T14:05:00","guid":{"rendered":"https:\/\/www.toque-musicall.com\/?p=9277"},"modified":"2022-03-20T11:17:19","modified_gmt":"2022-03-20T14:17:19","slug":"saldanha-rolim-moreno-1993","status":"publish","type":"post","link":"https:\/\/www.toque-musicall.com\/?p=9277","title":{"rendered":"Saldanha Rolim &#8211; Moren\u00f4 (1993)"},"content":{"rendered":"\n<figure class=\"wp-block-image size-large\"><img decoding=\"async\" src=\"https:\/\/blogger.googleusercontent.com\/img\/b\/R29vZ2xl\/AVvXsEiUATyubTFIzEtiEY9IT4-wuA3pEYVYIjOKRVdPxA3-Xkh0R4FUrEV8et5-_u9gxOZ6AO7EV-68_AUJCjCm81BNuQUkMuscOW7zE7YKHanKH7TCDngqRjzxTjJk3w1-oWB0iAIU-HwwDcdlAbn7rnUMMboKDdPO2QTrXFraOungUKrMBjPJZhzwa25y5A\/w640-h636\/saldanha%20F.JPG\" alt=\"\"\/><\/figure>\n\n\n\n<figure class=\"wp-block-image size-large\"><img decoding=\"async\" src=\"https:\/\/blogger.googleusercontent.com\/img\/b\/R29vZ2xl\/AVvXsEjhMJY3UePdBgQ9V2AFkqcQ6Gq0OreODOVSZsVMTYV74_Izuno6AHjAHLvV2FJoWxQnBrmBz5r8Mxtdd_yFaodywFeF5bMM0ZhI471ndRgvdmwriWDwY10QccKJG-U8615Pb4xFffenjLNgCHWSPSzMAQU6_87O6U3u3HJaw4zJjiA5_eUi8E15CkWckw\/w630-h640\/saldadanha%20B.JPG\" alt=\"\"\/><\/figure>\n\n\n<div class=\"separator\">Bom dia, amigos cultos e ocultos! Nosso encontro de hoje \u00e9 com o cantor e compositor cearense Saldanha Rolim, um artista que come\u00e7ou a se destacar a partir dos anos 80, quando ent\u00e3o, decidiu encarar os grande centros da regi\u00e3o sudeste. Veio para S\u00e3o Paulo onde conheceu outros artistas. Travou contato com Geraldo Vandr\u00e9 e por ele foi convidado a participar do show que deu no Paraguai, na cidade de Puerto Stroessner. Ali tamb\u00e9m conheceu o cantador mineiro, Saulo Laranjeiras com quem criou uma grande amizade e acabou chegando a Minas Gerais onde acabou se encontrando. Criou novas parcerias, amigos e um p\u00fablico fiel, se tornado um dos artistas mais atuantes na cena musical mineira. Percorreu diversas cidades pelo interior de Minas, se apresentando em shows e festivais. N\u00f3s j\u00e1 tivemos o prazer de apresent\u00e1-lo aqui em uma primeira oportunidade, em seu disco de 1994. Agora estamos trazendo &#8220;Moren\u00f4&#8221;, trabalho anterior, lan\u00e7ado em 93 pelo selo independente Sinfonia Discos. Um belo trabalho, praticamente todo autoral e em parcerias. H\u00e1 tamb\u00e9m uma bela composi\u00e7\u00e3o de Renato Teixeira, &#8220;Uma noite n\u00e3o \u00e9 nada&#8221;.<\/div>\n<div class=\"separator\">\u00a0<\/div>\n<div class=\"separator\">entre um beijo e outro<\/div>\n<div class=\"separator\">quebra requebra<\/div>\n<div class=\"separator\">moreno quis morenar<\/div>\n<div class=\"separator\">bom come\u00e7o<\/div>\n<div class=\"separator\">meu s\u00e3o jo\u00e3o<\/div>\n<div class=\"separator\">uma noite n\u00e3o \u00e9 nada<\/div>\n<div class=\"separator\">meu p\u00e9 de murici<\/div>\n<div class=\"separator\">moren\u00f4<\/div>\n<div class=\"separator\">t\u00f4 de olho<\/div>\n<div class=\"separator\">\u00a0<\/div>\n<div class=\"separator\">\u00a0<\/div>\n<div>\u00a0<\/div>\n<div class=\"separator\">.<\/div>\n<div class=\"separator\">\u00a0<\/div>","protected":false},"excerpt":{"rendered":"<p>Bom dia, amigos cultos e ocultos! Nosso encontro de hoje \u00e9 com o cantor e compositor cearense Saldanha Rolim, um artista que come\u00e7ou a se destacar a partir dos anos 80, quando ent\u00e3o, decidiu encarar os grande centros da regi\u00e3o &hellip; <a href=\"https:\/\/www.toque-musicall.com\/?p=9277\">Continue lendo <span class=\"meta-nav\">&rarr;<\/span><\/a><\/p>\n","protected":false},"author":1,"featured_media":0,"comment_status":"closed","ping_status":"closed","sticky":false,"template":"","format":"standard","meta":{"footnotes":""},"categories":[3444,5023],"tags":[3445,3017,5022],"class_list":["post-9277","post","type-post","status-publish","format-standard","hentry","category-saldanha-rolim","category-selo-sinfonia-discos","tag-saldanha-rolim","tag-selo-independente","tag-selo-sinfonia-discos"],"_links":{"self":[{"href":"https:\/\/www.toque-musicall.com\/index.php?rest_route=\/wp\/v2\/posts\/9277","targetHints":{"allow":["GET"]}}],"collection":[{"href":"https:\/\/www.toque-musicall.com\/index.php?rest_route=\/wp\/v2\/posts"}],"about":[{"href":"https:\/\/www.toque-musicall.com\/index.php?rest_route=\/wp\/v2\/types\/post"}],"author":[{"embeddable":true,"href":"https:\/\/www.toque-musicall.com\/index.php?rest_route=\/wp\/v2\/users\/1"}],"replies":[{"embeddable":true,"href":"https:\/\/www.toque-musicall.com\/index.php?rest_route=%2Fwp%2Fv2%2Fcomments&post=9277"}],"version-history":[{"count":2,"href":"https:\/\/www.toque-musicall.com\/index.php?rest_route=\/wp\/v2\/posts\/9277\/revisions"}],"predecessor-version":[{"id":9279,"href":"https:\/\/www.toque-musicall.com\/index.php?rest_route=\/wp\/v2\/posts\/9277\/revisions\/9279"}],"wp:attachment":[{"href":"https:\/\/www.toque-musicall.com\/index.php?rest_route=%2Fwp%2Fv2%2Fmedia&parent=9277"}],"wp:term":[{"taxonomy":"category","embeddable":true,"href":"https:\/\/www.toque-musicall.com\/index.php?rest_route=%2Fwp%2Fv2%2Fcategories&post=9277"},{"taxonomy":"post_tag","embeddable":true,"href":"https:\/\/www.toque-musicall.com\/index.php?rest_route=%2Fwp%2Fv2%2Ftags&post=9277"}],"curies":[{"name":"wp","href":"https:\/\/api.w.org\/{rel}","templated":true}]}}