{"id":9284,"date":"2022-03-09T10:54:00","date_gmt":"2022-03-09T13:54:00","guid":{"rendered":"https:\/\/www.toque-musicall.com\/?p=9284"},"modified":"2022-03-21T11:07:07","modified_gmt":"2022-03-21T14:07:07","slug":"sebastiao-idelfonso-violao-apaixonado-1987","status":"publish","type":"post","link":"https:\/\/www.toque-musicall.com\/?p=9284","title":{"rendered":"Sebasti\u00e3o Idelfonso &#8211; Viol\u00e3o Apaixonado (1987)"},"content":{"rendered":"\n<figure class=\"wp-block-image size-large\"><img decoding=\"async\" src=\"https:\/\/blogger.googleusercontent.com\/img\/b\/R29vZ2xl\/AVvXsEjyVe0hrM9tx_rSEW-pSaU2ImszgXsf9g4vDSkZx5Wc2iHOf8miNeUEhcnDDWjXfVdzwf1LgDYfjpPZzU5NtirF0ueCx2tPN1EO7r-5_6ggcTFjHSs0_VXOJUB4SuU-KQ9VJO9RpPN5YglevOnn8xdVMdVPYJSo-0Qp2AjPd5hOcSHx8uihiPMw3T8T_g\/w636-h640\/sebasti%C3%A3o%20F.JPG\" alt=\"\"\/><\/figure>\n\n\n\n<figure class=\"wp-block-image size-large\"><img decoding=\"async\" src=\"https:\/\/blogger.googleusercontent.com\/img\/b\/R29vZ2xl\/AVvXsEhNiMj3yZBj1NnGyiGA6qYA6df6GSZ5AZzIHeDG4hatUEWRWpNMnv3gw1Q9t2wFQGx8c_A2Bw5BEya-0u-jdjY8lJWE1a6IOl3oR2ZDOTiwBk2DtpL5qlhsKSXumyxwmfdm-ZmZiX_B1SSoiR6H8zv94lVSG7OfZnig55uY3IxVWNRzSybDQKFddWcsFg\/w630-h640\/sebasti%C3%A3o%20B.JPG\" alt=\"\"\/><\/figure>\n\n\n<div class=\"separator\">Bom dia, boa hora&#8230; amigos cultos e ocultos! Seguindo ainda no atraso, vamos que vamos&#8230; Hoje nosso encontro \u00e9 com o violonista mineiro, da cidade de Ponte Nova, Sebasti\u00e3o Idelfonso. M\u00fasico autodidata, iniciou nas cordas ainda crian\u00e7a. Sua carreira art\u00edstica come\u00e7a ainda na d\u00e9cada de 50, nas festas populares e grupos de serestas. Jucelino Kubitschek era seu f\u00e3 e segundo contam, n\u00e3o perdia suas serestas. Como violonista, acompanhou diversos artistas e cantores famosos, como Orlando Silva, Carlos Galhardo, Silvio Caldas, Angela Maria e muitos outros. Como compositor, tem centenas de m\u00fasicas para viol\u00e3o e dos mais diferentes g\u00eaneros da m\u00fasica brasileira. Come\u00e7ou a gravar seus discos a partir dos anos 70. Tamb\u00e9m criou em Belo Horizonte uma escola de viol\u00e3o, a Academia de Viol\u00e3o, por onde passou muitos m\u00fasicos. Paralelo a tudo isso, tamb\u00e9m manteve um programa de r\u00e1dio, o tradicional &#8220;Meu amigo viol\u00e3o&#8221;, por quase 60 anos, que passou por v\u00e1rias emissoras de Belo Horizonte.<\/div>\n<div class=\"separator\">Aqui temos ele novamente em seu d\u00e9cimo s\u00e9timo disco, lan\u00e7ado em 1987 pelo selo Itamaraty. Neste encontraremos, conforme o texto de contracapa, uma s\u00e9rie de valsas inesquec\u00edveis, obras bem conhecidas do p\u00fablico, em especial, os amantes do viol\u00e3o. Confiram&#8230;<\/div>\n<div class=\"separator\">\u00a0<\/div>\n<div class=\"separator\">brincando com as cordas<\/div>\n<div class=\"separator\">lamentos<\/div>\n<div class=\"separator\">saudade de p\u00e1dua<\/div>\n<div class=\"separator\">recordando mozart bicalho<\/div>\n<div class=\"separator\">nossa senhora do amparo<\/div>\n<div class=\"separator\">revendo o passado<\/div>\n<div class=\"separator\">amor e romance<\/div>\n<div class=\"separator\">uma noie emhaifa<\/div>\n<div class=\"separator\">granada<\/div>\n<div class=\"separator\">dan\u00e7a h\u00fangara n\u00ba5<\/div>\n<div class=\"separator\">amor de argentina<\/div>\n<div class=\"separator\">arrependida<\/div>\n<div class=\"separator\">\u00a0<\/div>\n<div class=\"separator\">\u00a0<\/div>\n<div class=\"separator\">.<\/div>\n<div class=\"separator\">\u00a0<\/div>","protected":false},"excerpt":{"rendered":"<p>Bom dia, boa hora&#8230; amigos cultos e ocultos! Seguindo ainda no atraso, vamos que vamos&#8230; Hoje nosso encontro \u00e9 com o violonista mineiro, da cidade de Ponte Nova, Sebasti\u00e3o Idelfonso. M\u00fasico autodidata, iniciou nas cordas ainda crian\u00e7a. Sua carreira art\u00edstica &hellip; <a href=\"https:\/\/www.toque-musicall.com\/?p=9284\">Continue lendo <span class=\"meta-nav\">&rarr;<\/span><\/a><\/p>\n","protected":false},"author":1,"featured_media":0,"comment_status":"closed","ping_status":"closed","sticky":false,"template":"","format":"standard","meta":{"footnotes":""},"categories":[3501,2213,1],"tags":[3503,3776],"class_list":["post-9284","post","type-post","status-publish","format-standard","hentry","category-sebastiao-idelfonso","category-selo-itamaraty","category-sem-categoria","tag-sebastiao-idelfonso","tag-selo-itamaraty"],"_links":{"self":[{"href":"https:\/\/www.toque-musicall.com\/index.php?rest_route=\/wp\/v2\/posts\/9284","targetHints":{"allow":["GET"]}}],"collection":[{"href":"https:\/\/www.toque-musicall.com\/index.php?rest_route=\/wp\/v2\/posts"}],"about":[{"href":"https:\/\/www.toque-musicall.com\/index.php?rest_route=\/wp\/v2\/types\/post"}],"author":[{"embeddable":true,"href":"https:\/\/www.toque-musicall.com\/index.php?rest_route=\/wp\/v2\/users\/1"}],"replies":[{"embeddable":true,"href":"https:\/\/www.toque-musicall.com\/index.php?rest_route=%2Fwp%2Fv2%2Fcomments&post=9284"}],"version-history":[{"count":1,"href":"https:\/\/www.toque-musicall.com\/index.php?rest_route=\/wp\/v2\/posts\/9284\/revisions"}],"predecessor-version":[{"id":9285,"href":"https:\/\/www.toque-musicall.com\/index.php?rest_route=\/wp\/v2\/posts\/9284\/revisions\/9285"}],"wp:attachment":[{"href":"https:\/\/www.toque-musicall.com\/index.php?rest_route=%2Fwp%2Fv2%2Fmedia&parent=9284"}],"wp:term":[{"taxonomy":"category","embeddable":true,"href":"https:\/\/www.toque-musicall.com\/index.php?rest_route=%2Fwp%2Fv2%2Fcategories&post=9284"},{"taxonomy":"post_tag","embeddable":true,"href":"https:\/\/www.toque-musicall.com\/index.php?rest_route=%2Fwp%2Fv2%2Ftags&post=9284"}],"curies":[{"name":"wp","href":"https:\/\/api.w.org\/{rel}","templated":true}]}}