{"id":9292,"date":"2022-03-13T10:25:00","date_gmt":"2022-03-13T13:25:00","guid":{"rendered":"https:\/\/www.toque-musicall.com\/?p=9292"},"modified":"2022-03-31T22:36:36","modified_gmt":"2022-04-01T01:36:36","slug":"grupo-paranga-chora-viola-canta-coracao-1983","status":"publish","type":"post","link":"https:\/\/www.toque-musicall.com\/?p=9292","title":{"rendered":"Grupo Paranga &#8211; Chora Viola Canta Cora\u00e7\u00e3o (1983)"},"content":{"rendered":"\n<figure class=\"wp-block-image size-large\"><img decoding=\"async\" src=\"https:\/\/blogger.googleusercontent.com\/img\/b\/R29vZ2xl\/AVvXsEhGHLvZskG7AZYCRQn1KcMHeP7YBR9bGunQPJmNPrRODVxFYFmnCP5n1u_jVMq3e-fGVIbgrUbHzG2q3DjG63JIFq08ZbrZ7-kjdyWEpVdYYWdhVBQ8M2MxCleHoBAy8iUloWyfjkSTnSbKJEHdFdcHWK7yxX17ZAiiftaV02weolAGDK8i4sOlnLYe7Q\/w636-h640\/Capturarf.JPG\" alt=\"\"\/><\/figure>\n\n\n\n<figure class=\"wp-block-image size-large\"><img decoding=\"async\" src=\"https:\/\/blogger.googleusercontent.com\/img\/b\/R29vZ2xl\/AVvXsEh2vdHXn6anCOzEK66A98OtlzMriegiR94pNDSEup15FXF8TkFNasbIAuUFW6VmOIFyvZvqqplMkv0yrSrGF6sL2VkTvwJ8GO-yJ2DKKO7Po2zzL3sOrhKSZyurkzIS2lseq7Jjf0M1bdIF3D_FKxMTUbg-vrvie6NzdoYPzeS3cp1oCQGpSrpwbx3Oxw\/w636-h640\/Capturar.JPG\" alt=\"\"\/><\/figure>\n\n\n<div class=\"separator\">Bom dia, amigos cultos e ocultos! Trago hoje para voc\u00eas o Grupo Paranga, formado na segunda metade dos anos 70, em S\u00e3o Luiz do Paraitinga, SP. A primeira vez que vi este disco lembrei logo dos Novos Baianos, talvez pela capa, talvez at\u00e9 mesmo pela foto de um bando de cabeludos&#8230; por certo, um grupo de jovens nos anos 70. Mas o que eles tinham tem em comum, al\u00e9m do visual era tamb\u00e9m a valoriza\u00e7\u00e3o da m\u00fasica regional, de um legado deixado pelo compositor, instrumentista e maestro Elp\u00eddio dos Santos. O trabalho do Paranga permeia, ou tem como base a m\u00fasica deste compositor que ficou mais conhecido como autor de m\u00fasica caipira, sertaneja, nos anos 50. Mas ele se dedicou n\u00e3o somente \u00e0 m\u00fasica de tradi\u00e7\u00f5es rurais, tamb\u00e9m comp\u00f4s sambas, marchas, choros e valsas. Muitos artistas gravaram Elp\u00eddio dos Santos. Mas foi o Paranga quem tomou sua obra como parte de um repert\u00f3rio que buscou valorizar a cultura e as tradi\u00e7\u00f5es de sua terra. &#8220;Chora viola, canta cora\u00e7\u00e3o&#8221; foi o primeiro disco, lan\u00e7ado em 1983 pelo selo Lira Paulistana. Este \u00e1lbum, inclusive, voltaria a ser relan\u00e7ado, creio que em formato cd. O Paranga seguiria ainda lan\u00e7ando novos discos e ao que consta, ainda hoje continuam na ativa. Confiram no GTM&#8230;.<\/div>\n<div class=\"separator\">\u00a0<\/div>\n<div class=\"separator\">arauto<\/div>\n<div class=\"separator\">canoa<\/div>\n<div class=\"separator\">dona do sal\u00e3o<\/div>\n<div class=\"separator\">festas fogos para-raio<\/div>\n<div class=\"separator\">fulia<\/div>\n<div class=\"separator\">cai sereno<\/div>\n<div class=\"separator\">voc\u00ea vai gostar<\/div>\n<div class=\"separator\">nho lambis<\/div>\n<div class=\"separator\">bob\u00e3o<\/div>\n<div class=\"separator\">saudade danada<\/div>\n<div class=\"separator\">uma das bandas<\/div>\n<div class=\"separator\">arauto II<\/div>\n<div class=\"separator\">\u00a0<\/div>\n<div>\u00a0<\/div>\n<div class=\"separator\">\u00a0<\/div>\n<div class=\"separator\">.<\/div>","protected":false},"excerpt":{"rendered":"<p>Bom dia, amigos cultos e ocultos! Trago hoje para voc\u00eas o Grupo Paranga, formado na segunda metade dos anos 70, em S\u00e3o Luiz do Paraitinga, SP. A primeira vez que vi este disco lembrei logo dos Novos Baianos, talvez pela &hellip; <a href=\"https:\/\/www.toque-musicall.com\/?p=9292\">Continue lendo <span class=\"meta-nav\">&rarr;<\/span><\/a><\/p>\n","protected":false},"author":1,"featured_media":0,"comment_status":"closed","ping_status":"closed","sticky":false,"template":"","format":"standard","meta":{"footnotes":""},"categories":[5027,3136],"tags":[5028,3137],"class_list":["post-9292","post","type-post","status-publish","format-standard","hentry","category-grupo-paranga","category-selo-lira-paulistana","tag-grupo-paranga","tag-selo-lira-paulistana"],"_links":{"self":[{"href":"https:\/\/www.toque-musicall.com\/index.php?rest_route=\/wp\/v2\/posts\/9292","targetHints":{"allow":["GET"]}}],"collection":[{"href":"https:\/\/www.toque-musicall.com\/index.php?rest_route=\/wp\/v2\/posts"}],"about":[{"href":"https:\/\/www.toque-musicall.com\/index.php?rest_route=\/wp\/v2\/types\/post"}],"author":[{"embeddable":true,"href":"https:\/\/www.toque-musicall.com\/index.php?rest_route=\/wp\/v2\/users\/1"}],"replies":[{"embeddable":true,"href":"https:\/\/www.toque-musicall.com\/index.php?rest_route=%2Fwp%2Fv2%2Fcomments&post=9292"}],"version-history":[{"count":2,"href":"https:\/\/www.toque-musicall.com\/index.php?rest_route=\/wp\/v2\/posts\/9292\/revisions"}],"predecessor-version":[{"id":9294,"href":"https:\/\/www.toque-musicall.com\/index.php?rest_route=\/wp\/v2\/posts\/9292\/revisions\/9294"}],"wp:attachment":[{"href":"https:\/\/www.toque-musicall.com\/index.php?rest_route=%2Fwp%2Fv2%2Fmedia&parent=9292"}],"wp:term":[{"taxonomy":"category","embeddable":true,"href":"https:\/\/www.toque-musicall.com\/index.php?rest_route=%2Fwp%2Fv2%2Fcategories&post=9292"},{"taxonomy":"post_tag","embeddable":true,"href":"https:\/\/www.toque-musicall.com\/index.php?rest_route=%2Fwp%2Fv2%2Ftags&post=9292"}],"curies":[{"name":"wp","href":"https:\/\/api.w.org\/{rel}","templated":true}]}}