{"id":9295,"date":"2022-03-14T10:29:00","date_gmt":"2022-03-14T13:29:00","guid":{"rendered":"https:\/\/www.toque-musicall.com\/?p=9295"},"modified":"2022-03-31T22:35:54","modified_gmt":"2022-04-01T01:35:54","slug":"fernando-brant-amigo-e-coisa-pra-se-guardar-1987-2","status":"publish","type":"post","link":"https:\/\/www.toque-musicall.com\/?p=9295","title":{"rendered":"Fernando Brant &#8211; Amigo \u00c9 Coisa Pra Se Guardar (1987)"},"content":{"rendered":"\n<figure class=\"wp-block-image size-large\"><img decoding=\"async\" src=\"https:\/\/blogger.googleusercontent.com\/img\/b\/R29vZ2xl\/AVvXsEhRv39KuVM3nK39DvlIK2ers_5RJJjdIBrqyIDmgIp3pCe6kIFAmaWMIsJSxOXRyvkEzHCXYISIhL5kGWFwy-LvgEoUb2QpJqPpLaaqkKSiDLsHWdWkh6mvjImH_VTEwip7_W63YvBYO0J_e8pSq4YqqKfFWXcSr6iqlE4gJu-xP5GVpoOnAaemLjzpsg\/w640-h622\/Capturarf.JPG\" alt=\"\"\/><\/figure>\n\n\n\n<figure class=\"wp-block-image size-large\"><img decoding=\"async\" src=\"https:\/\/blogger.googleusercontent.com\/img\/b\/R29vZ2xl\/AVvXsEjwU5kgndr31Jf4x0oCTs9Az0GGXY84LtCbfUerr55ji35TLDbktEFt6B6GuqSO4ThOXXzXb7CNYwjFmh0LIbZtaq80_A2BOln6iKD1ayz_FWxp7lsrrhpY01WVje3R-gF9exFuMyQiyVyGJpmcC4N0XM_7lPzMPXhQNUY8k5_BiuIwOcBf7tIutnZGTQ\/w634-h640\/Capturar.JPG\" alt=\"\"\/><\/figure>\n\n\n<div class=\"separator\">Seguimos aqui, amigos cultos e ocultos&#8230; Hoje trazendo este disco, uma homenagem ao compositor mineiro Fernando Brant. O lp foi lan\u00e7ado em 1987 e por certo, uma justa homenagem a um dos grandes compositores brasileiros, que ao lado de Milton Nascimento e tantos outros m\u00fasicos da chamada turma do Clube da Esquina comp\u00f4s m\u00fasicas que se tornaram verdadeiros e eternos sucessos. Gravado por in\u00fameros artistas, nacionais e internacionais. Aqui temos um disco que \u00e9 mesmo uma joinha, trazendo dez das mais conhecidas obras de suas parcerias, em fonogramas c\u00e9lebres e com diferentes artistas. Um caso raro de se ver e ouvir em discos, onde cada artista \u00e9 de gravadora diferente. Dif\u00edcil conseguir essa proeza, mas a CBS e sua linha Songs conseguiu reunir um pouco do melhor. Fernando Brant faleceu em 2015 e este disco, embora tenha sido lan\u00e7ado d\u00e9cada antes, quando o compositor ainda vivia, parece trazer algo de p\u00f3stumo, at\u00e9 porque n\u00e3o \u00e9 datado. Mas \u00e9, sem d\u00favida, uma sele\u00e7\u00e3o maravilhosa e na qual temos as seguintes &#8216;pepitas&#8217;&#8230;<\/div>\n<div class=\"separator\">\u00a0<\/div>\n<div class=\"separator\">travessia &#8211; milton nascimento<\/div>\n<div class=\"separator\">can\u00e7\u00e3o da am\u00e9rica &#8211; elis regina<\/div>\n<div class=\"separator\">veveco panelas e canelas &#8211; beto guedes<\/div>\n<div class=\"separator\">solar &#8211; gal costa e roupa nova<\/div>\n<div class=\"separator\">ponta de areia &#8211; nana caymmi<\/div>\n<div class=\"separator\">maria maria &#8211; simone<\/div>\n<div class=\"separator\">san vicente &#8211; ney matogrosso<\/div>\n<div class=\"separator\">paisagem da janela &#8211; l\u00f4 borges<\/div>\n<div class=\"separator\">menestrel das alagoas &#8211; faf\u00e1 de bel\u00e9m<\/div>\n<div class=\"separator\">nos bailes da vida &#8211; milton nascimento<\/div>\n<div class=\"separator\">\u00a0<\/div>\n<div class=\"separator\">\u00a0<\/div>\n<div class=\"separator\">.<\/div>","protected":false},"excerpt":{"rendered":"<p>Seguimos aqui, amigos cultos e ocultos&#8230; Hoje trazendo este disco, uma homenagem ao compositor mineiro Fernando Brant. O lp foi lan\u00e7ado em 1987 e por certo, uma justa homenagem a um dos grandes compositores brasileiros, que ao lado de Milton &hellip; <a href=\"https:\/\/www.toque-musicall.com\/?p=9295\">Continue lendo <span class=\"meta-nav\">&rarr;<\/span><\/a><\/p>\n","protected":false},"author":1,"featured_media":0,"comment_status":"closed","ping_status":"closed","sticky":false,"template":"","format":"standard","meta":{"footnotes":""},"categories":[2569,178,1],"tags":[5029,3268],"class_list":["post-9295","post","type-post","status-publish","format-standard","hentry","category-fernando-brant","category-selo-cbs","category-sem-categoria","tag-fernando-brant","tag-selo-cbs"],"_links":{"self":[{"href":"https:\/\/www.toque-musicall.com\/index.php?rest_route=\/wp\/v2\/posts\/9295","targetHints":{"allow":["GET"]}}],"collection":[{"href":"https:\/\/www.toque-musicall.com\/index.php?rest_route=\/wp\/v2\/posts"}],"about":[{"href":"https:\/\/www.toque-musicall.com\/index.php?rest_route=\/wp\/v2\/types\/post"}],"author":[{"embeddable":true,"href":"https:\/\/www.toque-musicall.com\/index.php?rest_route=\/wp\/v2\/users\/1"}],"replies":[{"embeddable":true,"href":"https:\/\/www.toque-musicall.com\/index.php?rest_route=%2Fwp%2Fv2%2Fcomments&post=9295"}],"version-history":[{"count":1,"href":"https:\/\/www.toque-musicall.com\/index.php?rest_route=\/wp\/v2\/posts\/9295\/revisions"}],"predecessor-version":[{"id":9296,"href":"https:\/\/www.toque-musicall.com\/index.php?rest_route=\/wp\/v2\/posts\/9295\/revisions\/9296"}],"wp:attachment":[{"href":"https:\/\/www.toque-musicall.com\/index.php?rest_route=%2Fwp%2Fv2%2Fmedia&parent=9295"}],"wp:term":[{"taxonomy":"category","embeddable":true,"href":"https:\/\/www.toque-musicall.com\/index.php?rest_route=%2Fwp%2Fv2%2Fcategories&post=9295"},{"taxonomy":"post_tag","embeddable":true,"href":"https:\/\/www.toque-musicall.com\/index.php?rest_route=%2Fwp%2Fv2%2Ftags&post=9295"}],"curies":[{"name":"wp","href":"https:\/\/api.w.org\/{rel}","templated":true}]}}