{"id":931,"date":"2010-02-16T19:51:00","date_gmt":"2010-02-16T19:51:00","guid":{"rendered":"http:\/\/www.toque-musicall.com\/?p=931"},"modified":"2010-02-16T19:51:00","modified_gmt":"2010-02-16T19:51:00","slug":"fantasia-e-fantasias-1954","status":"publish","type":"post","link":"https:\/\/www.toque-musicall.com\/?p=931","title":{"rendered":"Fantasia E Fantasias (1954)"},"content":{"rendered":"<p><a href=\"http:\/\/2.bp.blogspot.com\/_DSKVEvHtskc\/S3r30UjcibI\/AAAAAAAAGMk\/69kna7VtIto\/s1600-h\/fantasia+P.JPG\"><img decoding=\"async\" style=\"TEXT-ALIGN: center; MARGIN: 0px auto 10px; WIDTH: 396px; DISPLAY: block; HEIGHT: 400px; CURSOR: hand\" id=\"BLOGGER_PHOTO_ID_5438931978245933490\" border=\"0\" alt=\"\" src=\"http:\/\/2.bp.blogspot.com\/_DSKVEvHtskc\/S3r30UjcibI\/AAAAAAAAGMk\/69kna7VtIto\/s400\/fantasia+P.JPG\" \/><\/a> Em homenagem \u00e0 nossa ter\u00e7a-feira, dia oficial do Carnaval, estou trazendo uma raridade que cabe bem para a ocasi\u00e3o. Um \u00e1lbum para fechar com chave de ouro a nossa mostra carnavalesca. Mas n\u00e3o pensem voc\u00eas que se trata de mais um disco de 10 polegadas feitos para celebrar a festa de um determinado ano. O que temos aqui \u00e9 a trilha sonora de um espet\u00e1culo audacioso apresentado no Golden Room do Copacabana Palace em 1954, chamado &#8220;Fantasia e Fantasias&#8221;. Criado e dirigido por Jos\u00e9 Carib\u00e9 da Rocha, o &#8216;show musicado, sem interrup\u00e7\u00e3o e sem parte falada&#8217; foi uma produ\u00e7\u00e3o envolvendo m\u00fasica erudita, dan\u00e7a cl\u00e1ssica e popular, samba, carnaval e artistas dos mais  diversos. Um elenco de bailarinos, cantores e instrumentistas. A coreografia era de Nina Verchinina. Participavam em cena e como cantores, Doris Monteiro, Helena de Lima, Marisa, Claudia Morena, Carlos Augusto, Luiz Bandeira e o conjunto Quatro Azes &#038; Um Coringa. O espet\u00e1culo deve ter sido realmente muito interessante. Na contra capa h\u00e1 um texto descrevendo toda a a\u00e7\u00e3o. A pe\u00e7a se divide em dois momentos. Inicialmente temos coisas de Liszt, Rachmaninoff e Kachaturian, abrindo os primeiros minutos do disco. Em seguida, ainda no primeiro lado, o &#8216;pot-pourri&#8217; envereda para o popular, para o samba e as marchinhas de carnaval.<br \/>Ta\u00ed,um trabalho dos mais interessantes. Uma raridade da qual n\u00e3o existe nenhuma refer\u00eancia publicada na rede. Possivelmente pode ser o \u00faltimo exemplar que restou para contar a hist\u00f3ria. Felizmente aqui volta a ser revelado. Escutem com outros olhos, ok?<\/p>\n<div align=\"center\"><a href=\"http:\/\/3.bp.blogspot.com\/_DSKVEvHtskc\/S3r3n7-bNoI\/AAAAAAAAGMc\/Yz27iUNCFb0\/s1600-h\/fantasia+texto.JPG\"><img decoding=\"async\" style=\"TEXT-ALIGN: center; MARGIN: 0px auto 10px; WIDTH: 336px; DISPLAY: block; HEIGHT: 400px; CURSOR: hand\" id=\"BLOGGER_PHOTO_ID_5438931765489776258\" border=\"0\" alt=\"\" src=\"http:\/\/3.bp.blogspot.com\/_DSKVEvHtskc\/S3r3n7-bNoI\/AAAAAAAAGMc\/Yz27iUNCFb0\/s400\/fantasia+texto.JPG\" \/><\/a> overture<\/div>\n<div align=\"center\">prel\u00fadio<\/div>\n<div align=\"center\">polichinelo<\/div>\n<div align=\"center\">raps\u00f3dia sueca<\/div>\n<div align=\"center\">concerto para celo e orquestra<\/div>\n<div align=\"center\">hist\u00f3ria da ma\u00e7\u00e3<\/div>\n<div align=\"center\">se a lua contasse<\/div>\n<div align=\"center\">serpentina<\/div>\n<div align=\"center\">pierrot apaixonado<\/div>\n<div align=\"center\">caraboo<\/div>\n<div align=\"center\">pegando na chaleira<\/div>\n<div align=\"center\">abre alas<\/div>\n<div align=\"center\">miau, miau<\/div>\n<div align=\"center\">assisti de camarote<\/div>\n<div align=\"center\">marcha do tambor<\/div>\n<div align=\"center\">bica nova<\/div>\n<div align=\"center\">carrasco<\/div>\n<div align=\"center\">mora na filosofia<\/div>\n<div align=\"center\">s\u00f3 eu n\u00e3o<\/div>\n<div align=\"center\">\u00e9 bom parar<\/div>\n<div align=\"center\">teu cabelo n\u00e3o nega<\/div>\n<div align=\"center\"> <\/div>\n<div align=\"center\"> <\/div>\n","protected":false},"excerpt":{"rendered":"<p>Em homenagem \u00e0 nossa ter\u00e7a-feira, dia oficial do Carnaval, estou trazendo uma raridade que cabe bem para a ocasi\u00e3o. Um \u00e1lbum para fechar com chave de ouro a nossa mostra carnavalesca. Mas n\u00e3o pensem voc\u00eas que se trata de mais &hellip; <a href=\"https:\/\/www.toque-musicall.com\/?p=931\">Continue lendo <span class=\"meta-nav\">&rarr;<\/span><\/a><\/p>\n","protected":false},"author":1,"featured_media":0,"comment_status":"open","ping_status":"closed","sticky":false,"template":"","format":"standard","meta":{"footnotes":""},"categories":[832,1238,200,1237,1239,1236],"tags":[],"class_list":["post-931","post","type-post","status-publish","format-standard","hentry","category-a-banda-do-carnaval","category-carlos-augusto","category-doris-monteiro","category-fantasia-e-fantasias","category-helena-de-lima","category-quatro-azes-e-um-coringa"],"_links":{"self":[{"href":"https:\/\/www.toque-musicall.com\/index.php?rest_route=\/wp\/v2\/posts\/931","targetHints":{"allow":["GET"]}}],"collection":[{"href":"https:\/\/www.toque-musicall.com\/index.php?rest_route=\/wp\/v2\/posts"}],"about":[{"href":"https:\/\/www.toque-musicall.com\/index.php?rest_route=\/wp\/v2\/types\/post"}],"author":[{"embeddable":true,"href":"https:\/\/www.toque-musicall.com\/index.php?rest_route=\/wp\/v2\/users\/1"}],"replies":[{"embeddable":true,"href":"https:\/\/www.toque-musicall.com\/index.php?rest_route=%2Fwp%2Fv2%2Fcomments&post=931"}],"version-history":[{"count":0,"href":"https:\/\/www.toque-musicall.com\/index.php?rest_route=\/wp\/v2\/posts\/931\/revisions"}],"wp:attachment":[{"href":"https:\/\/www.toque-musicall.com\/index.php?rest_route=%2Fwp%2Fv2%2Fmedia&parent=931"}],"wp:term":[{"taxonomy":"category","embeddable":true,"href":"https:\/\/www.toque-musicall.com\/index.php?rest_route=%2Fwp%2Fv2%2Fcategories&post=931"},{"taxonomy":"post_tag","embeddable":true,"href":"https:\/\/www.toque-musicall.com\/index.php?rest_route=%2Fwp%2Fv2%2Ftags&post=931"}],"curies":[{"name":"wp","href":"https:\/\/api.w.org\/{rel}","templated":true}]}}