{"id":9319,"date":"2022-03-21T08:42:00","date_gmt":"2022-03-21T11:42:00","guid":{"rendered":"https:\/\/www.toque-musicall.com\/?p=9319"},"modified":"2022-04-08T08:46:13","modified_gmt":"2022-04-08T11:46:13","slug":"corisco-e-os-sambaloucos-outro-show-de-bossa-1964","status":"publish","type":"post","link":"https:\/\/www.toque-musicall.com\/?p=9319","title":{"rendered":"Corisco E Os Sambaloucos &#8211; Outro Show De Bossa (1964)"},"content":{"rendered":"\n<figure class=\"wp-block-image size-large\"><img decoding=\"async\" src=\"https:\/\/blogger.googleusercontent.com\/img\/b\/R29vZ2xl\/AVvXsEiXhLFkVHmXtjqG7Tjnt1lTGl-qygkzsuOR4HgGb2NE8UajIvvWl3xWA89dmMOcKzchSgfyvfQ4as-Vn901OOiah6MEOxcXzQAQYeM2lFvd1np4S7T1Qi9SiqVqRb2KLPL6HllpQZZmM4t6oIb2QLWMFrkgUXSr7guUK_7y0odzvbAsl52_cmxgXf3lHg\/w640-h598\/Capturar.JPG\" alt=\"\"\/><\/figure>\n\n\n\n<figure class=\"wp-block-image size-large\"><img decoding=\"async\" src=\"https:\/\/blogger.googleusercontent.com\/img\/b\/R29vZ2xl\/AVvXsEhyZJBG7CouJ8aWwYgPCxhks-dlCzh_8dI75mzCpxqS4ooXPVf8pwFWHx2iVdmjCfP2VZ4Wc9ktmgdzzSAsvCN5O59gXkH-0M8n_TY565v5kE-rka17lmNCSirMSDuUN2RNEf9xNqjqJIP83vvkuXD3i6H_EppALaUNaK-8kH3U59yKXpwkNFbPbltO3A\/w620-h640\/Capturarb.JPG\" alt=\"\"\/><\/figure>\n\n\n<div class=\"separator\">Ol\u00e1, amigos cultos e ocultos! Nosso encontro de hoje \u00e9 com Corisco e seus Sambaloucos, um grupo de samba, jazz e bossa surgido em S\u00e3o Paulo nos anos 60. Corisco \u00e9 o apelido do m\u00fasico, percussionista e &#8216;bandleader&#8217; Waldemar Marchetti, muito atuante nesse per\u00edodo. Com seu grupo Sambaloucos gravou pelo menos uns tr\u00eas lps, sempre contando com um time de m\u00fasicos de primeir\u00edssima linha e garantido repert\u00f3rios da melhor qualidade. Aqui temos o que foi o segundo lp do grupo, lan\u00e7ado em 1964 pelo selo Philips. Um sequencia, ainda mais animada, de um show de bossa, como podemos ver estampada na contracapa. Disco muito bom, delicioso de ouvir. Confiram no GTM&#8230;<\/div>\n<div class=\"separator\">&nbsp;<\/div>\n<div class=\"separator\">mais que nada<\/div>\n<div class=\"separator\">gostoso \u00e9 sambar<\/div>\n<div class=\"separator\">bolinha de sab\u00e3o<\/div>\n<div class=\"separator\">bossa na praia<\/div>\n<div class=\"separator\">garota de ipanema<\/div>\n<div class=\"separator\">pra que chorar<\/div>\n<div class=\"separator\">samba no jap\u00e3o<\/div>\n<div class=\"separator\">melancolia<\/div>\n<div class=\"separator\">por causa de voc\u00ea menina<\/div>\n<div class=\"separator\">voc\u00ea e eu<\/div>\n<div class=\"separator\">amanhecendo<\/div>\n<div class=\"separator\">marcha da quarta feira de cinzas<\/div>\n<div class=\"separator\">&nbsp;<\/div>\n<div class=\"separator\">&nbsp;<\/div>\n<div class=\"separator\">.<\/div>","protected":false},"excerpt":{"rendered":"<p>Ol\u00e1, amigos cultos e ocultos! Nosso encontro de hoje \u00e9 com Corisco e seus Sambaloucos, um grupo de samba, jazz e bossa surgido em S\u00e3o Paulo nos anos 60. Corisco \u00e9 o apelido do m\u00fasico, percussionista e &#8216;bandleader&#8217; Waldemar Marchetti, &hellip; <a href=\"https:\/\/www.toque-musicall.com\/?p=9319\">Continue lendo <span class=\"meta-nav\">&rarr;<\/span><\/a><\/p>\n","protected":false},"author":1,"featured_media":0,"comment_status":"closed","ping_status":"closed","sticky":false,"template":"","format":"standard","meta":{"footnotes":""},"categories":[5044,48,1],"tags":[5046,3012],"class_list":["post-9319","post","type-post","status-publish","format-standard","hentry","category-corisco-e-seus-sambaloucos","category-selo-philips","category-sem-categoria","tag-corisco-e-os-sambaloucos","tag-selo-philips"],"_links":{"self":[{"href":"https:\/\/www.toque-musicall.com\/index.php?rest_route=\/wp\/v2\/posts\/9319","targetHints":{"allow":["GET"]}}],"collection":[{"href":"https:\/\/www.toque-musicall.com\/index.php?rest_route=\/wp\/v2\/posts"}],"about":[{"href":"https:\/\/www.toque-musicall.com\/index.php?rest_route=\/wp\/v2\/types\/post"}],"author":[{"embeddable":true,"href":"https:\/\/www.toque-musicall.com\/index.php?rest_route=\/wp\/v2\/users\/1"}],"replies":[{"embeddable":true,"href":"https:\/\/www.toque-musicall.com\/index.php?rest_route=%2Fwp%2Fv2%2Fcomments&post=9319"}],"version-history":[{"count":1,"href":"https:\/\/www.toque-musicall.com\/index.php?rest_route=\/wp\/v2\/posts\/9319\/revisions"}],"predecessor-version":[{"id":9320,"href":"https:\/\/www.toque-musicall.com\/index.php?rest_route=\/wp\/v2\/posts\/9319\/revisions\/9320"}],"wp:attachment":[{"href":"https:\/\/www.toque-musicall.com\/index.php?rest_route=%2Fwp%2Fv2%2Fmedia&parent=9319"}],"wp:term":[{"taxonomy":"category","embeddable":true,"href":"https:\/\/www.toque-musicall.com\/index.php?rest_route=%2Fwp%2Fv2%2Fcategories&post=9319"},{"taxonomy":"post_tag","embeddable":true,"href":"https:\/\/www.toque-musicall.com\/index.php?rest_route=%2Fwp%2Fv2%2Ftags&post=9319"}],"curies":[{"name":"wp","href":"https:\/\/api.w.org\/{rel}","templated":true}]}}