{"id":932,"date":"2010-02-15T17:26:00","date_gmt":"2010-02-15T17:26:00","guid":{"rendered":"http:\/\/www.toque-musicall.com\/?p=932"},"modified":"2010-02-15T17:26:00","modified_gmt":"2010-02-15T17:26:00","slug":"elizeth-no-bola-preta-com-a-banda-do-sodre-1970","status":"publish","type":"post","link":"https:\/\/www.toque-musicall.com\/?p=932","title":{"rendered":"Elizeth No Bola Preta Com A Banda Do Sodr\u00e9 (1970)"},"content":{"rendered":"<p><a href=\"http:\/\/1.bp.blogspot.com\/_DSKVEvHtskc\/S3mIFQqonVI\/AAAAAAAAGMM\/fl8dPX9ZJiA\/s1600-h\/elizeth+P.JPG\"><img decoding=\"async\" style=\"TEXT-ALIGN: center; MARGIN: 0px auto 10px; WIDTH: 400px; DISPLAY: block; HEIGHT: 400px; CURSOR: hand\" id=\"BLOGGER_PHOTO_ID_5438527648981097810\" border=\"0\" alt=\"\" src=\"http:\/\/1.bp.blogspot.com\/_DSKVEvHtskc\/S3mIFQqonVI\/AAAAAAAAGMM\/fl8dPX9ZJiA\/s400\/elizeth+P.JPG\" \/><\/a> Ol\u00e1 amigos cultos e ocultos! Desculpem a pressa, mas o meu bloco est\u00e1 passando e eu n\u00e3o posso parar. Rapidinho, segue aqui o disco do dia. Para manter o clima de carnaval, vamos com Elizete (ou Elizeth?) Cardoso fazendo a festa no Bola Preta, acompanhada da Banda do Sodr\u00e9. Um disco gravado ao vivo, sem pausas, feito mais para se sentir o clima, em um dos mais tradicionais espa\u00e7os do carnaval carioca. Ta\u00ed&#8230; &#8220;quem n\u00e3o chora n\u00e3o mama, segura meu bem a chupeta, lugar quente \u00e9 na cama ou ent\u00e3o no Bola Preta&#8221;. Um bom carnaval a todos! Fui&#8230;<\/p>\n","protected":false},"excerpt":{"rendered":"<p>Ol\u00e1 amigos cultos e ocultos! Desculpem a pressa, mas o meu bloco est\u00e1 passando e eu n\u00e3o posso parar. Rapidinho, segue aqui o disco do dia. Para manter o clima de carnaval, vamos com Elizete (ou Elizeth?) Cardoso fazendo a &hellip; <a href=\"https:\/\/www.toque-musicall.com\/?p=932\">Continue lendo <span class=\"meta-nav\">&rarr;<\/span><\/a><\/p>\n","protected":false},"author":1,"featured_media":0,"comment_status":"open","ping_status":"closed","sticky":false,"template":"","format":"standard","meta":{"footnotes":""},"categories":[247],"tags":[],"class_list":["post-932","post","type-post","status-publish","format-standard","hentry","category-elizete-cardoso"],"_links":{"self":[{"href":"https:\/\/www.toque-musicall.com\/index.php?rest_route=\/wp\/v2\/posts\/932","targetHints":{"allow":["GET"]}}],"collection":[{"href":"https:\/\/www.toque-musicall.com\/index.php?rest_route=\/wp\/v2\/posts"}],"about":[{"href":"https:\/\/www.toque-musicall.com\/index.php?rest_route=\/wp\/v2\/types\/post"}],"author":[{"embeddable":true,"href":"https:\/\/www.toque-musicall.com\/index.php?rest_route=\/wp\/v2\/users\/1"}],"replies":[{"embeddable":true,"href":"https:\/\/www.toque-musicall.com\/index.php?rest_route=%2Fwp%2Fv2%2Fcomments&post=932"}],"version-history":[{"count":0,"href":"https:\/\/www.toque-musicall.com\/index.php?rest_route=\/wp\/v2\/posts\/932\/revisions"}],"wp:attachment":[{"href":"https:\/\/www.toque-musicall.com\/index.php?rest_route=%2Fwp%2Fv2%2Fmedia&parent=932"}],"wp:term":[{"taxonomy":"category","embeddable":true,"href":"https:\/\/www.toque-musicall.com\/index.php?rest_route=%2Fwp%2Fv2%2Fcategories&post=932"},{"taxonomy":"post_tag","embeddable":true,"href":"https:\/\/www.toque-musicall.com\/index.php?rest_route=%2Fwp%2Fv2%2Ftags&post=932"}],"curies":[{"name":"wp","href":"https:\/\/api.w.org\/{rel}","templated":true}]}}