{"id":933,"date":"2010-02-14T10:57:00","date_gmt":"2010-02-14T10:57:00","guid":{"rendered":"http:\/\/www.toque-musicall.com\/?p=933"},"modified":"2010-02-14T10:57:00","modified_gmt":"2010-02-14T10:57:00","slug":"trio-eletrico-dodo-osmar-incendiou-o-brasil-1981","status":"publish","type":"post","link":"https:\/\/www.toque-musicall.com\/?p=933","title":{"rendered":"Trio El\u00e9trico Dod\u00f4 &#038; Osmar &#8211; Incendiou O Brasil (1981)"},"content":{"rendered":"<p><a href=\"http:\/\/1.bp.blogspot.com\/_DSKVEvHtskc\/S3fXKhk54gI\/AAAAAAAAGL8\/_JhSB1yTdXA\/s1600-h\/capa+P.JPG\"><img decoding=\"async\" style=\"TEXT-ALIGN: center; MARGIN: 0px auto 10px; WIDTH: 400px; DISPLAY: block; HEIGHT: 398px; CURSOR: hand\" id=\"BLOGGER_PHOTO_ID_5438051650884985346\" border=\"0\" alt=\"\" src=\"http:\/\/1.bp.blogspot.com\/_DSKVEvHtskc\/S3fXKhk54gI\/AAAAAAAAGL8\/_JhSB1yTdXA\/s400\/capa+P.JPG\" \/><\/a>Ol\u00e1 foli\u00f5es cultos e ocultos! Espero que todos tenham chegado inteiros ap\u00f3s a jornada carnavalesca de ontem. Se tiverem com ressaca, tomem um sal de fruta com \u00e1gua t\u00f4nica, costuma ser muito bom. Eu j\u00e1 tomei e melhorei \ud83d\ude42<br \/>Hoje eu vou mandar cedo. Na sequ\u00eancia da folia, temos um disquinho curioso. Quem v\u00ea pela capa, estampando uma bel\u00edssima gravura de Fayga Ostrower, n\u00e3o imagina que por tr\u00e1s, ou melhor, por dentro, vamos encontrar o Trio El\u00e9trico de Dod\u00f4 &#038; Osmar. Muito menos se pensaria em um disco de carnaval. Por\u00e9m tudo se justifica (justifica?). Na verdade, trata-se de um lp que faz parte de uma s\u00e9rie criada pela Funart para o ent\u00e3o Departamento de Coopera\u00e7\u00e3o Cultural, Cient\u00edfica e Tecnologia do Minist\u00e9rio das Rela\u00e7\u00f5es Exteriores, a partir de 1978. A ideia era a de propagar a diversidade musical brasileira pelos cinco continentes, em v\u00e1rios pa\u00edses, dando a esses a oportunidade de conhecer melhor o variado leque musical produzido originalmente em nosso pa\u00eds. Ao que tudo indica, esse trabalho teve bons resultados, o que acabou gerando uma segunda vers\u00e3o, a qual passou-se a chamar &#8220;Projeto Ary Barroso&#8221; e sendo coordenado por Herm\u00ednio Bello de Carvalho. Se tratando de uma cole\u00e7\u00e3o promocional, esses discos pouco foram vistos (e ouvidos) por aqui. Da s\u00e9rie, temos o disco 4, celebrando os baianos do Trio El\u00e9trico. E Trio El\u00e9trico \u00e9 sem d\u00favida sin\u00f4nimo de carnaval. Assim sendo, mesmo com uma gravura que mais caberia \u00e0 m\u00fasica erudita, a tem\u00e1tica aqui \u00e9 carnavalesca. At\u00e9 que pensando bem ela tem tudo a ver com o esp\u00edrito baiano de ser, incorporando o improv\u00e1vel, misturando &#8216;Pires de Oliveira com pratinho de azeitona&#8217;. Uma simp\u00e1tica e estranha combina\u00e7\u00e3o que sempre acaba em alegria. Salve a Bahia! Viva o Carnaval!<\/p>\n<div align=\"center\">sarav\u00e1 lennon<\/div>\n<div align=\"center\">incendiou o brasil<\/div>\n<div align=\"center\">\u00e9 massa<\/div>\n<div align=\"center\">trajet\u00f3ria do trio<\/div>\n<div align=\"center\">dia de carnaval<\/div>\n<div align=\"center\">de l\u00e1 da bahia<\/div>\n<div align=\"center\">turmalina<\/div>\n<div align=\"center\">viva o rei nag\u00f4<\/div>\n<div align=\"center\">besouro quente<\/div>\n<div align=\"center\">granadinho<\/div>\n<div align=\"center\">ladeira da lenha<\/div>\n<div align=\"center\">dod\u00f4 no c\u00e9u, osmar na terra<\/div>\n<div align=\"center\"> <\/div>\n<div align=\"center\"> <\/div>\n","protected":false},"excerpt":{"rendered":"<p>Ol\u00e1 foli\u00f5es cultos e ocultos! Espero que todos tenham chegado inteiros ap\u00f3s a jornada carnavalesca de ontem. Se tiverem com ressaca, tomem um sal de fruta com \u00e1gua t\u00f4nica, costuma ser muito bom. Eu j\u00e1 tomei e melhorei \ud83d\ude42Hoje eu &hellip; <a href=\"https:\/\/www.toque-musicall.com\/?p=933\">Continue lendo <span class=\"meta-nav\">&rarr;<\/span><\/a><\/p>\n","protected":false},"author":1,"featured_media":0,"comment_status":"open","ping_status":"closed","sticky":false,"template":"","format":"standard","meta":{"footnotes":""},"categories":[1240],"tags":[],"class_list":["post-933","post","type-post","status-publish","format-standard","hentry","category-trio-eletrico"],"_links":{"self":[{"href":"https:\/\/www.toque-musicall.com\/index.php?rest_route=\/wp\/v2\/posts\/933","targetHints":{"allow":["GET"]}}],"collection":[{"href":"https:\/\/www.toque-musicall.com\/index.php?rest_route=\/wp\/v2\/posts"}],"about":[{"href":"https:\/\/www.toque-musicall.com\/index.php?rest_route=\/wp\/v2\/types\/post"}],"author":[{"embeddable":true,"href":"https:\/\/www.toque-musicall.com\/index.php?rest_route=\/wp\/v2\/users\/1"}],"replies":[{"embeddable":true,"href":"https:\/\/www.toque-musicall.com\/index.php?rest_route=%2Fwp%2Fv2%2Fcomments&post=933"}],"version-history":[{"count":0,"href":"https:\/\/www.toque-musicall.com\/index.php?rest_route=\/wp\/v2\/posts\/933\/revisions"}],"wp:attachment":[{"href":"https:\/\/www.toque-musicall.com\/index.php?rest_route=%2Fwp%2Fv2%2Fmedia&parent=933"}],"wp:term":[{"taxonomy":"category","embeddable":true,"href":"https:\/\/www.toque-musicall.com\/index.php?rest_route=%2Fwp%2Fv2%2Fcategories&post=933"},{"taxonomy":"post_tag","embeddable":true,"href":"https:\/\/www.toque-musicall.com\/index.php?rest_route=%2Fwp%2Fv2%2Ftags&post=933"}],"curies":[{"name":"wp","href":"https:\/\/api.w.org\/{rel}","templated":true}]}}