{"id":9332,"date":"2022-03-25T16:57:00","date_gmt":"2022-03-25T19:57:00","guid":{"rendered":"https:\/\/www.toque-musicall.com\/?p=9332"},"modified":"2022-04-15T17:02:31","modified_gmt":"2022-04-15T20:02:31","slug":"coquetel-de-sambas-1964","status":"publish","type":"post","link":"https:\/\/www.toque-musicall.com\/?p=9332","title":{"rendered":"Coquetel de Sambas (1964)"},"content":{"rendered":"\n<figure class=\"wp-block-image size-large\"><img decoding=\"async\" src=\"https:\/\/blogger.googleusercontent.com\/img\/b\/R29vZ2xl\/AVvXsEhNi-79QR3aCsPFm4X90lH12GNlg6x5bhuzuzV6HS62dzL6gDKAK4TYnDztwZjCzXj-ed-8heMQMIOj8jeKSIuXMD9dFpzBNV8jMTk1B_yUvkOOX5WsdPDCutgrSO556lYc2WHHcEoqobBAUE1bgV0ldo9BFgQX8busMHX7_EXTl_qacq560x2pUb943g\/w640-h620\/capaf.JPG\" alt=\"\"\/><\/figure>\n\n\n\n<figure class=\"wp-block-image size-large\"><img decoding=\"async\" src=\"https:\/\/blogger.googleusercontent.com\/img\/b\/R29vZ2xl\/AVvXsEhMsnrYJ-xo8nIQg6uZsT3R7frrom4OC2soZGBQbnnnvWVCD26Sb-vmcs-fp1STKcVqcGLuhjhikzYbSAijGDCAllov1jlb41IVg4pKhLenTjRPut-3vVlmxnEmjazxnimXaAqXh-ZplLGyZWdKip3KlO_re581-vrb8JMFT6DOuU_nF8h_rjw61dTxJw\/w640-h626\/contra.JPG\" alt=\"\"\/><\/figure>\n\n\n<div class=\"separator\" data-original-attrs=\"{&quot;style&quot;:&quot;&quot;}\">garota de ipanema &#8211; francisco de moraes<\/div>\n<div class=\"separator\" data-original-attrs=\"{&quot;style&quot;:&quot;&quot;}\">samba da madrugada &#8211; elcio alvarez<\/div>\n<div class=\"separator\" data-original-attrs=\"{&quot;style&quot;:&quot;&quot;}\">samba \u00e9 &#8211; miranda e seu conjunto<\/div>\n<div class=\"separator\" data-original-attrs=\"{&quot;style&quot;:&quot;&quot;}\">cheiro de saudade &#8211; biriba boys<\/div>\n<div class=\"separator\" data-original-attrs=\"{&quot;style&quot;:&quot;&quot;}\">chora cora\u00e7\u00e3o &#8211; elcio alvarez<\/div>\n<div class=\"separator\" data-original-attrs=\"{&quot;style&quot;:&quot;&quot;}\">n\u00e3o tenho l\u00e1grimas &#8211; guerra peixe e seus m\u00fasicos<\/div>\n<div class=\"separator\" data-original-attrs=\"{&quot;style&quot;:&quot;&quot;}\">mas que nada &#8211; waldemiro lemke e sua orquestra<\/div>\n<div class=\"separator\" data-original-attrs=\"{&quot;style&quot;:&quot;&quot;}\">chove chuva &#8211; nininha<\/div>\n<div class=\"separator\" data-original-attrs=\"{&quot;style&quot;:&quot;&quot;}\">n\u00e3o sabemos &#8211; elcio alvarez<\/div>\n<div class=\"separator\" data-original-attrs=\"{&quot;style&quot;:&quot;&quot;}\">leva-me contigo &#8211; biriba boys<\/div>\n<div class=\"separator\" data-original-attrs=\"{&quot;style&quot;:&quot;&quot;}\">evolu\u00e7\u00e3o da bossa &#8211; nininha<\/div>\n<div class=\"separator\" data-original-attrs=\"{&quot;style&quot;:&quot;&quot;}\">agora \u00e9 cinza &#8211; guerra peixe e seus m\u00fasicos<\/div>\n<div class=\"separator\" data-original-attrs=\"{&quot;style&quot;:&quot;&quot;}\">\u00a0<\/div>\n<div class=\"separator\" data-original-attrs=\"{&quot;style&quot;:&quot;&quot;}\">.<\/div>\n<div class=\"separator\" data-original-attrs=\"{&quot;style&quot;:&quot;&quot;}\">\u00a0<\/div>","protected":false},"excerpt":{"rendered":"<p>garota de ipanema &#8211; francisco de moraes samba da madrugada &#8211; elcio alvarez samba \u00e9 &#8211; miranda e seu conjunto cheiro de saudade &#8211; biriba boys chora cora\u00e7\u00e3o &#8211; elcio alvarez n\u00e3o tenho l\u00e1grimas &#8211; guerra peixe e seus m\u00fasicos &hellip; <a href=\"https:\/\/www.toque-musicall.com\/?p=9332\">Continue lendo <span class=\"meta-nav\">&rarr;<\/span><\/a><\/p>\n","protected":false},"author":1,"featured_media":0,"comment_status":"closed","ping_status":"closed","sticky":false,"template":"","format":"standard","meta":{"footnotes":""},"categories":[5052,5057,5055],"tags":[5053,4065,4254,5051,5056,3073,5054],"class_list":["post-9332","post","type-post","status-publish","format-standard","hentry","category-miranda-e-seu-conjunto","category-nininha","category-waldemiro-lemke","tag-biriba-boys","tag-elcio-alvarez","tag-francisco-moraes","tag-miranda-e-seu-conjunto","tag-nininha","tag-selo-chantecler","tag-waldemiro-lemke"],"_links":{"self":[{"href":"https:\/\/www.toque-musicall.com\/index.php?rest_route=\/wp\/v2\/posts\/9332","targetHints":{"allow":["GET"]}}],"collection":[{"href":"https:\/\/www.toque-musicall.com\/index.php?rest_route=\/wp\/v2\/posts"}],"about":[{"href":"https:\/\/www.toque-musicall.com\/index.php?rest_route=\/wp\/v2\/types\/post"}],"author":[{"embeddable":true,"href":"https:\/\/www.toque-musicall.com\/index.php?rest_route=\/wp\/v2\/users\/1"}],"replies":[{"embeddable":true,"href":"https:\/\/www.toque-musicall.com\/index.php?rest_route=%2Fwp%2Fv2%2Fcomments&post=9332"}],"version-history":[{"count":1,"href":"https:\/\/www.toque-musicall.com\/index.php?rest_route=\/wp\/v2\/posts\/9332\/revisions"}],"predecessor-version":[{"id":9333,"href":"https:\/\/www.toque-musicall.com\/index.php?rest_route=\/wp\/v2\/posts\/9332\/revisions\/9333"}],"wp:attachment":[{"href":"https:\/\/www.toque-musicall.com\/index.php?rest_route=%2Fwp%2Fv2%2Fmedia&parent=9332"}],"wp:term":[{"taxonomy":"category","embeddable":true,"href":"https:\/\/www.toque-musicall.com\/index.php?rest_route=%2Fwp%2Fv2%2Fcategories&post=9332"},{"taxonomy":"post_tag","embeddable":true,"href":"https:\/\/www.toque-musicall.com\/index.php?rest_route=%2Fwp%2Fv2%2Ftags&post=9332"}],"curies":[{"name":"wp","href":"https:\/\/api.w.org\/{rel}","templated":true}]}}