{"id":934,"date":"2010-02-13T22:10:00","date_gmt":"2010-02-13T22:10:00","guid":{"rendered":"http:\/\/www.toque-musicall.com\/?p=934"},"modified":"2010-02-13T22:10:00","modified_gmt":"2010-02-13T22:10:00","slug":"carnaval-1970-volume-1-1969","status":"publish","type":"post","link":"https:\/\/www.toque-musicall.com\/?p=934","title":{"rendered":"Carnaval 1970 &#8211; Volume 1 (1969)"},"content":{"rendered":"<p><a href=\"http:\/\/1.bp.blogspot.com\/_DSKVEvHtskc\/S3c7eeAqDrI\/AAAAAAAAGLw\/BPGEAe88p4o\/s1600-h\/carnaval+70+P.JPG\"><img decoding=\"async\" style=\"TEXT-ALIGN: center; MARGIN: 0px auto 10px; WIDTH: 400px; DISPLAY: block; HEIGHT: 398px; CURSOR: hand\" id=\"BLOGGER_PHOTO_ID_5437880469711097522\" border=\"0\" alt=\"\" src=\"http:\/\/1.bp.blogspot.com\/_DSKVEvHtskc\/S3c7eeAqDrI\/AAAAAAAAGLw\/BPGEAe88p4o\/s400\/carnaval+70+P.JPG\" \/><\/a> Ol\u00e1 amigos cultos e ocultos! Aqui estamos (rapidinho!) com a postagem do dia, porque a noite \u00e9 de carnaval! Vamos para um baile de sal\u00e3o? Mais ou menos parecido com este da foto que ilustra a capa do disco de hoje. Ali\u00e1s, de 1969!<br \/>Temos aqui um belo exemplar do que \u00e9 Carnaval. Um disco realmente perfeito, tanto na capa como em seu conte\u00fado. Uma sele\u00e7\u00e3o de m\u00fasicas verdadeiramente de Carnaval com diversos artistas da Odeon. Destaco tamb\u00e9m a presen\u00e7a de  Chacrinha e Silvio Santos, duas figuras que al\u00e9m de apresentadores de programas na tv, todo ano, tamb\u00e9m gravavam marchinhas de sucesso, cl\u00e1ssicos para todos os bailes carnavalescos.<br \/>Bom, ta\u00ed&#8230; Eu vou nessa, porque o baile j\u00e1 come\u00e7ou<\/p>\n<div align=\"center\">eu grito &#8211; orlando dias<\/div>\n<div align=\"center\">marcha da p\u00edrula &#8211; chacrinha<\/div>\n<div align=\"center\">banquete de arlequim &#8211; roberto audi<\/div>\n<div align=\"center\">deixa o sol brilhar &#8211; joel de almeida<\/div>\n<div align=\"center\">tirei a m\u00e1scara &#8211; gilberto alves<\/div>\n<div align=\"center\">dig-dim &#8211; silvio santos<\/div>\n<div align=\"center\">o foguete &#8211; heleninha costa<\/div>\n<div align=\"center\">brincadeira de roda &#8211; ivete garcia<\/div>\n<div align=\"center\">contra mar\u00e9 &#8211; helio chaves<\/div>\n<div align=\"center\">n\u00e3o chore oh! linda mascarada &#8211; risadinha<\/div>\n<div align=\"center\">chuva de ver\u00e3o &#8211; dalva de oliveira<\/div>\n<div align=\"center\">meu bloco &#8211; osny silva<\/div>\n<div align=\"center\"> <\/div>\n<div align=\"center\"> <\/div>\n","protected":false},"excerpt":{"rendered":"<p>Ol\u00e1 amigos cultos e ocultos! Aqui estamos (rapidinho!) com a postagem do dia, porque a noite \u00e9 de carnaval! Vamos para um baile de sal\u00e3o? Mais ou menos parecido com este da foto que ilustra a capa do disco de &hellip; <a href=\"https:\/\/www.toque-musicall.com\/?p=934\">Continue lendo <span class=\"meta-nav\">&rarr;<\/span><\/a><\/p>\n","protected":false},"author":1,"featured_media":0,"comment_status":"open","ping_status":"closed","sticky":false,"template":"","format":"standard","meta":{"footnotes":""},"categories":[263,1241],"tags":[],"class_list":["post-934","post","type-post","status-publish","format-standard","hentry","category-carnaval","category-carnaval-70"],"_links":{"self":[{"href":"https:\/\/www.toque-musicall.com\/index.php?rest_route=\/wp\/v2\/posts\/934","targetHints":{"allow":["GET"]}}],"collection":[{"href":"https:\/\/www.toque-musicall.com\/index.php?rest_route=\/wp\/v2\/posts"}],"about":[{"href":"https:\/\/www.toque-musicall.com\/index.php?rest_route=\/wp\/v2\/types\/post"}],"author":[{"embeddable":true,"href":"https:\/\/www.toque-musicall.com\/index.php?rest_route=\/wp\/v2\/users\/1"}],"replies":[{"embeddable":true,"href":"https:\/\/www.toque-musicall.com\/index.php?rest_route=%2Fwp%2Fv2%2Fcomments&post=934"}],"version-history":[{"count":0,"href":"https:\/\/www.toque-musicall.com\/index.php?rest_route=\/wp\/v2\/posts\/934\/revisions"}],"wp:attachment":[{"href":"https:\/\/www.toque-musicall.com\/index.php?rest_route=%2Fwp%2Fv2%2Fmedia&parent=934"}],"wp:term":[{"taxonomy":"category","embeddable":true,"href":"https:\/\/www.toque-musicall.com\/index.php?rest_route=%2Fwp%2Fv2%2Fcategories&post=934"},{"taxonomy":"post_tag","embeddable":true,"href":"https:\/\/www.toque-musicall.com\/index.php?rest_route=%2Fwp%2Fv2%2Ftags&post=934"}],"curies":[{"name":"wp","href":"https:\/\/api.w.org\/{rel}","templated":true}]}}