{"id":935,"date":"2010-02-12T08:08:00","date_gmt":"2010-02-12T08:08:00","guid":{"rendered":"http:\/\/www.toque-musicall.com\/?p=935"},"modified":"2010-02-12T08:08:00","modified_gmt":"2010-02-12T08:08:00","slug":"carnaval-rca-victor-volume-1-1957","status":"publish","type":"post","link":"https:\/\/www.toque-musicall.com\/?p=935","title":{"rendered":"Carnaval RCA Victor &#8211; Volume 1 (1957)"},"content":{"rendered":"<p><a href=\"http:\/\/1.bp.blogspot.com\/_DSKVEvHtskc\/S3UMtTbYFRI\/AAAAAAAAGLc\/KIwn-eFeoAc\/s1600-h\/carnaval+RCA+P.JPG\"><img decoding=\"async\" alt=\"\" border=\"0\" id=\"BLOGGER_PHOTO_ID_5437266097568486674\" src=\"http:\/\/1.bp.blogspot.com\/_DSKVEvHtskc\/S3UMtTbYFRI\/AAAAAAAAGLc\/KIwn-eFeoAc\/s400\/carnaval+RCA+P.JPG\" style=\"cursor: hand; display: block; height: 400px; margin: 0px auto 10px; text-align: center; width: 400px;\" \/><\/a> Ol\u00e1 foli\u00f5es cultos e ocultos! Estamos enfim chegando \u00e0 apoteose com nossa comiss\u00e3o de frente, que como todos viram, tamb\u00e9m \u00e9 boa de lado e costa. Desta vez vamos ver as coisas por um outro \u00e2ngulo. Vamos com este raro lp preparado pela RCA Victor para o Carnaval de 1958. Sem d\u00favida, outra boa pedida. Nossa bela modelo, aqui, parece n\u00e3o ter conseguido ficar de p\u00e9. &#8216;Chapou&#8217; o mel\u00e3o com o lan\u00e7a perfume, trope\u00e7ou na serpentina e quase deixou quebrar a ta\u00e7a de cristal, derramando pelo ch\u00e3o toda a &#8216;champanhota&#8217;. Sorte foi estar cercada de bal\u00f5es que amorteceram a sua queda. Hehehe&#8230; brincadeirinha&#8230; Disse isso apenas para chamar a aten\u00e7\u00e3o dos amigos para a beldade que estampa a capa. Mo\u00e7a bonita, n\u00e9 n\u00e3o? Bonito tamb\u00e9m \u00e9 o repert\u00f3rio e a escolha de seus int\u00e9rpretes. Sob o comando do maestro Zaccarias, temos aqui um elenco de famosos artistas da gravadora, escalados no primeiro de dois lp&#8217;s, lan\u00e7ados com anteced\u00eancia no final de 1957 para o Carnaval do ano seguinte. Temos aqui grava\u00e7\u00f5es raras, algumas nunca chegaram a sair em discos al\u00e9m dessa colet\u00e2nea. Confiram o toque&#8230;<\/p>\n<div align=\"center\">lili analfabeta &#8211; nelson gon\u00e7alves<\/div>\n<div align=\"center\">o gemido da saudade &#8211; linda baptista<\/div>\n<div align=\"center\">bo\u00eamio de verdade &#8211; carlos galhardo<\/div>\n<div align=\"center\">topada &#8211; dircinha baptista<\/div>\n<div align=\"center\">s\u00eade de amor &#8211; francisco carlos<\/div>\n<div align=\"center\">quando o sol raiar &#8211; linda rodrigues<\/div>\n<div align=\"center\">o diabo \u00e9 esquisito &#8211; c\u00e9sar de alencar<\/div>\n<div align=\"center\">fogo na marmita &#8211; marlene<\/div>\n<div align=\"center\">qual \u00e9 o caso &#8211; linda baptista<\/div>\n<div align=\"center\">alvorada &#8211; coro misto<\/div>\n<div align=\"center\">boemia &#8211; nelson gon\u00e7alves<\/div>\n<div align=\"center\">quem vive de vento &#8211; dircinha baptista<\/div>\n<div align=\"center\">foi por causa dela &#8211; francisco carlos<\/div>\n<div align=\"center\">morango com peru &#8211; carlos gonzaga<\/div>\n<div align=\"center\">lealdade &#8211; orlando correa<\/div>\n<div align=\"center\">s.o.s. &#8211; carlos galhardo<\/div>\n<div align=\"center\"><\/div>\n<div align=\"center\"><\/div>\n","protected":false},"excerpt":{"rendered":"<p>Ol\u00e1 foli\u00f5es cultos e ocultos! Estamos enfim chegando \u00e0 apoteose com nossa comiss\u00e3o de frente, que como todos viram, tamb\u00e9m \u00e9 boa de lado e costa. Desta vez vamos ver as coisas por um outro \u00e2ngulo. Vamos com este raro &hellip; <a href=\"https:\/\/www.toque-musicall.com\/?p=935\">Continue lendo <span class=\"meta-nav\">&rarr;<\/span><\/a><\/p>\n","protected":false},"author":1,"featured_media":0,"comment_status":"open","ping_status":"closed","sticky":false,"template":"","format":"standard","meta":{"footnotes":""},"categories":[138,609,1245,1243,223,216,163,1244,103,118,1242,70],"tags":[],"class_list":["post-935","post","type-post","status-publish","format-standard","hentry","category-carlos-galhardo","category-carlos-gonzaga","category-carnaval-rca","category-cesar-de-alencar","category-dircinha-batista","category-francisco-carlos","category-linda-batista","category-linda-rodrigues","category-marlene","category-nelson-goncalves","category-orlando-correa","category-selo-rca-victor"],"_links":{"self":[{"href":"https:\/\/www.toque-musicall.com\/index.php?rest_route=\/wp\/v2\/posts\/935","targetHints":{"allow":["GET"]}}],"collection":[{"href":"https:\/\/www.toque-musicall.com\/index.php?rest_route=\/wp\/v2\/posts"}],"about":[{"href":"https:\/\/www.toque-musicall.com\/index.php?rest_route=\/wp\/v2\/types\/post"}],"author":[{"embeddable":true,"href":"https:\/\/www.toque-musicall.com\/index.php?rest_route=\/wp\/v2\/users\/1"}],"replies":[{"embeddable":true,"href":"https:\/\/www.toque-musicall.com\/index.php?rest_route=%2Fwp%2Fv2%2Fcomments&post=935"}],"version-history":[{"count":0,"href":"https:\/\/www.toque-musicall.com\/index.php?rest_route=\/wp\/v2\/posts\/935\/revisions"}],"wp:attachment":[{"href":"https:\/\/www.toque-musicall.com\/index.php?rest_route=%2Fwp%2Fv2%2Fmedia&parent=935"}],"wp:term":[{"taxonomy":"category","embeddable":true,"href":"https:\/\/www.toque-musicall.com\/index.php?rest_route=%2Fwp%2Fv2%2Fcategories&post=935"},{"taxonomy":"post_tag","embeddable":true,"href":"https:\/\/www.toque-musicall.com\/index.php?rest_route=%2Fwp%2Fv2%2Ftags&post=935"}],"curies":[{"name":"wp","href":"https:\/\/api.w.org\/{rel}","templated":true}]}}