{"id":9357,"date":"2022-04-02T09:21:00","date_gmt":"2022-04-02T12:21:00","guid":{"rendered":"https:\/\/www.toque-musicall.com\/?p=9357"},"modified":"2022-05-08T07:49:02","modified_gmt":"2022-05-08T10:49:02","slug":"bandinha-do-irio-quermesse-1957","status":"publish","type":"post","link":"https:\/\/www.toque-musicall.com\/?p=9357","title":{"rendered":"Bandinha Do Irio &#8211; Quermesse (1957)"},"content":{"rendered":"\n<figure class=\"wp-block-image size-large\"><img decoding=\"async\" src=\"https:\/\/blogger.googleusercontent.com\/img\/b\/R29vZ2xl\/AVvXsEi97IRFeLP0dnfY-OBPSF4rFYxM7-BNShmJEkjOBLg-f0kEU1hioTOPM2NKOqisLM7_H38yxSnUC2o7AMN_PPovr9LTOiSxsSTXxWjuWipAWuWQZ3TcyxgwKfhF7B5qpCfssCTBCAnkRLR77t1JQkKz0mhxJ6kEf96NWoFm1JNLMbZ1-gst6MnSPtamLw\/w640-h624\/Capturarf.JPG\" alt=\"\"\/><\/figure>\n\n\n\n<figure class=\"wp-block-image size-large\"><img decoding=\"async\" src=\"https:\/\/blogger.googleusercontent.com\/img\/b\/R29vZ2xl\/AVvXsEjW9yiEGVuK5lt5pKkvCK-53JvYsC1OBhjHh8E6VJATDRRKSSPF1rPkbP-gecAl263hpoAV_dcpxE6goM6LBrmLtKflPGxYBfK7Xjx9wtJ8JoQZ1b4JCn8xEG_FkgZXUVMbhiv93VB86K0flf_Klh7nxpy4yppiUT2FdlT9GbHo1DzCDsBe9nN9X6gqww\/w640-h636\/Capturarb.JPG\" alt=\"\"\/><\/figure>\n\n\n<div class=\"separator\">Bom dia, amigos cultos e ocultos! Por mais que eu diga que para alguns discos, os que trazem um texto na contracapa, eu n\u00e3o farei apresenta\u00e7\u00f5es, resenhas e coisa e tal&#8230;, acabo me vendo obrigado a &#8216;pitacar&#8217; algumas palavras, como no caso deste lp &#8220;Quermesse&#8221;, de 1957, um disco de 10 polegadas lan\u00e7ado pelo selo Copacabana. Conforme o texto, trata-se de uma sele\u00e7\u00e3o musical t\u00edpica das bandinhas de coreto, das quermesses que ainda hoje vemos por a\u00ed, em cidades do interior do Brasil. S\u00e3o dobrados e valsas que j\u00e1 embalaram muitas manh\u00e3s de domingo em pra\u00e7as por a\u00ed. Sobre a Bandinha do Irio, n\u00e3o h\u00e1 nenhuma informa\u00e7\u00e3o, ficamos sem saber se Irio \u00e9 o nome do maestro. Apenas s\u00e3o citados os nomes de Irvando Luiz, que \u00e9 o produtor e idealizador do projeto e Ubaldo de Abreu como arranjador. Por certo, n\u00e3o acrescentamos nada aqui al\u00e9m da dica, do toque musical para este curioso disquinho que de qualquer forma merece a nossa aten\u00e7\u00e3o.\u00a0<\/div>\n<div class=\"separator\">\u00a0<\/div>\n<div class=\"separator\">quermesse<\/div>\n<div class=\"separator\">irm\u00e3os querolo<\/div>\n<div class=\"separator\">geni silva<\/div>\n<div class=\"separator\">aluisio dos santos<\/div>\n<div class=\"separator\">capit\u00e3o bardu\u00edno<\/div>\n<div class=\"separator\">coronel braulio guimar\u00e3es<\/div>\n<div class=\"separator\">bo\u00eamio<\/div>\n<div class=\"separator\">marlene<\/div>\n<div class=\"separator\">visconde de guarapuava<\/div>\n<div class=\"separator\">itu ber\u00e7o da rep\u00fablica<\/div>\n<div class=\"separator\">\u00a0<\/div>\n<div class=\"separator\">\u00a0<\/div>","protected":false},"excerpt":{"rendered":"<p>Bom dia, amigos cultos e ocultos! Por mais que eu diga que para alguns discos, os que trazem um texto na contracapa, eu n\u00e3o farei apresenta\u00e7\u00f5es, resenhas e coisa e tal&#8230;, acabo me vendo obrigado a &#8216;pitacar&#8217; algumas palavras, como &hellip; <a href=\"https:\/\/www.toque-musicall.com\/?p=9357\">Continue lendo <span class=\"meta-nav\">&rarr;<\/span><\/a><\/p>\n","protected":false},"author":1,"featured_media":0,"comment_status":"closed","ping_status":"closed","sticky":false,"template":"","format":"standard","meta":{"footnotes":""},"categories":[5069,152],"tags":[5068,3108],"class_list":["post-9357","post","type-post","status-publish","format-standard","hentry","category-bandinha-do-irio","category-selo-copacabana","tag-bandinha-do-irio","tag-selo-copacabana"],"_links":{"self":[{"href":"https:\/\/www.toque-musicall.com\/index.php?rest_route=\/wp\/v2\/posts\/9357","targetHints":{"allow":["GET"]}}],"collection":[{"href":"https:\/\/www.toque-musicall.com\/index.php?rest_route=\/wp\/v2\/posts"}],"about":[{"href":"https:\/\/www.toque-musicall.com\/index.php?rest_route=\/wp\/v2\/types\/post"}],"author":[{"embeddable":true,"href":"https:\/\/www.toque-musicall.com\/index.php?rest_route=\/wp\/v2\/users\/1"}],"replies":[{"embeddable":true,"href":"https:\/\/www.toque-musicall.com\/index.php?rest_route=%2Fwp%2Fv2%2Fcomments&post=9357"}],"version-history":[{"count":1,"href":"https:\/\/www.toque-musicall.com\/index.php?rest_route=\/wp\/v2\/posts\/9357\/revisions"}],"predecessor-version":[{"id":9358,"href":"https:\/\/www.toque-musicall.com\/index.php?rest_route=\/wp\/v2\/posts\/9357\/revisions\/9358"}],"wp:attachment":[{"href":"https:\/\/www.toque-musicall.com\/index.php?rest_route=%2Fwp%2Fv2%2Fmedia&parent=9357"}],"wp:term":[{"taxonomy":"category","embeddable":true,"href":"https:\/\/www.toque-musicall.com\/index.php?rest_route=%2Fwp%2Fv2%2Fcategories&post=9357"},{"taxonomy":"post_tag","embeddable":true,"href":"https:\/\/www.toque-musicall.com\/index.php?rest_route=%2Fwp%2Fv2%2Ftags&post=9357"}],"curies":[{"name":"wp","href":"https:\/\/api.w.org\/{rel}","templated":true}]}}