{"id":9359,"date":"2022-04-03T08:22:00","date_gmt":"2022-04-03T11:22:00","guid":{"rendered":"https:\/\/www.toque-musicall.com\/?p=9359"},"modified":"2022-05-08T07:49:48","modified_gmt":"2022-05-08T10:49:48","slug":"as-freneticas-1977","status":"publish","type":"post","link":"https:\/\/www.toque-musicall.com\/?p=9359","title":{"rendered":"As Fren\u00e9ticas (1977)"},"content":{"rendered":"\n<figure class=\"wp-block-image size-large\"><img decoding=\"async\" src=\"https:\/\/blogger.googleusercontent.com\/img\/b\/R29vZ2xl\/AVvXsEgqbTOh1UUw24vmkOmOOPmCytmyTDiN5U2MZs-YEJrMEMd7RzKjUE-4yQdhSCK4lZgHrOgwTsKxwdypsAABtJsUzxyL2E2IWidXEJIF6N9Nqq0I7wLZNyJsUMhDxcQantfeVEV9i_83FcK2FZrGENwk8r0TF5iyAG5JX6sLitcFhayO6FMSOzmbEVB-Eg\/w640-h636\/Capturar.JPG\" alt=\"\"\/><\/figure>\n\n\n\n<figure class=\"wp-block-image size-large\"><img decoding=\"async\" src=\"https:\/\/blogger.googleusercontent.com\/img\/b\/R29vZ2xl\/AVvXsEinPKVm7npEhdSm24gCXkH_yMAMNjsT3dPyZ8do0-T-uDveX7UVrup5c1z5-1W2-x2c6byAvpEV07tPe3aTRWoDmIFbUu1c8Uph8ZJqGqt7M8KtL5_M-QQdBLk4sr0YdMTXXNH6q2WcqntpG6rGHTrVkcXCrktXgQQKZcefW-Yapw2qG2eqzxOmfySuGA\/w640-h634\/Capturarb.JPG\" alt=\"\"\/><\/figure>\n\n\n<div class=\"separator\">Bom dia aos amigos cultos e ocultos! Eis um disco que h\u00e1 tempos estava para ser postado aqui, mas com tantas outras emo\u00e7\u00f5es, creio que acabei me esquecendo&#8230; Seguimos, ent\u00e3o, com as Fren\u00e9ticas, em seu primeiro lp, lan\u00e7ado em 1977, pela Warner, atrav\u00e9s de seu selo internacional Atlantic, que naquela \u00e9poca estava chegando ao Brasil.<\/div>\n<div class=\"separator\">As Fren\u00e9ticas, como todos j\u00e1 devem saber, foi um grupo vocal feminino formado por seis cantoras. Surgiram no auge da discoteca, aqui no pa\u00eds. Incialmente foram contratadas para serem estilosas gar\u00e7onetes da grande atra\u00e7\u00e3o carioca daquele momento, a &#8220;Frenetic Dancing Days&#8221; a primeira discoteca da moda, criada por Nelson Motta. Por conta do nome da danceteria, as mo\u00e7as passaram a se chamar de Fren\u00e9ticas. O grupo era formado por Dhu Moraes, Edyr Duque, Lidika Martuscelli, Leiloca Neves, Regina Chaves e Sandra Pera. Do sucesso das mo\u00e7as que cantavam umas quatro a seis m\u00fasicas nas noitadas da discoteca, surgiu ent\u00e3o a ideia de gravarem um disco. Como de costume, veio primeiro um compacto que trazia a m\u00fasica &#8220;A felicidade bate a sua porta&#8221;, de Gonzaguinha. A m\u00fasica foi muito executada nas r\u00e1dios pelo Brasil, se tornando um grande sucesso, levando assim o grupo a este que foi o primeiro disco. Um lp muito bem produzido por Liminha, com uma \u00f3tima escolha de repert\u00f3rio. Contou com a assist\u00eancia de muitos m\u00fasicos e arranjadores e de cara, se tornou um disco muito bem aceito pelo p\u00fablico. As Fren\u00e9ticas se destacaram de 1976 a 84, quando ent\u00e3o gravaram quatro discos pela WEA. Em seguida o grupo se desfez com a sa\u00edda de Sandra Pera e Regina Chaves. Como quarteto, as remanescentes, at\u00e9 tentaram um quinto \u00e1lbum, mas que n\u00e3o chegou a fazer sucesso. Depois teve a morte de Lidoka que acabou selando de vez o sonho das Fren\u00e9ticas. Surgiram depois outras colet\u00e2neas, inclusive com material in\u00e9dito. Mas a fase daqueles dias fren\u00e9ticos e dan\u00e7antes se foi e ficaram apenas as lembran\u00e7as&#8230;<\/div>\n<div class=\"separator\">\u00a0<\/div>\n<div class=\"separator\">perigosa<\/div>\n<div class=\"separator\">quem \u00e9<\/div>\n<div class=\"separator\">vingativa<\/div>\n<div class=\"separator\">vida fren\u00e9tica<\/div>\n<div class=\"separator\">ex\u00e9rcito do surf<\/div>\n<div class=\"separator\">let me sing<\/div>\n<div class=\"separator\">o g\u00eanio<\/div>\n<div class=\"separator\">bye bye love<\/div>\n<div class=\"separator\">pessoal e intransfer\u00edvel<\/div>\n<div class=\"separator\">fonte da juventude<\/div>\n<div class=\"separator\">cantores de r\u00e1dio<\/div>\n<div class=\"separator\">tudo bem, tudo bom<\/div>\n<div class=\"separator\">a felicidade bate a sua porta<\/div>\n<div class=\"separator\">\u00a0<\/div>\n<div class=\"separator\">.<\/div>\n<div class=\"separator\">\u00a0<\/div>\n<div class=\"separator\">\u00a0<\/div>","protected":false},"excerpt":{"rendered":"<p>Bom dia aos amigos cultos e ocultos! Eis um disco que h\u00e1 tempos estava para ser postado aqui, mas com tantas outras emo\u00e7\u00f5es, creio que acabei me esquecendo&#8230; Seguimos, ent\u00e3o, com as Fren\u00e9ticas, em seu primeiro lp, lan\u00e7ado em 1977, &hellip; <a href=\"https:\/\/www.toque-musicall.com\/?p=9359\">Continue lendo <span class=\"meta-nav\">&rarr;<\/span><\/a><\/p>\n","protected":false},"author":1,"featured_media":0,"comment_status":"closed","ping_status":"closed","sticky":false,"template":"","format":"standard","meta":{"footnotes":""},"categories":[166,578,1],"tags":[5070,3065],"class_list":["post-9359","post","type-post","status-publish","format-standard","hentry","category-as-freneticas","category-selo-atlantic","category-sem-categoria","tag-as-freneticas","tag-selo-atlantic"],"_links":{"self":[{"href":"https:\/\/www.toque-musicall.com\/index.php?rest_route=\/wp\/v2\/posts\/9359","targetHints":{"allow":["GET"]}}],"collection":[{"href":"https:\/\/www.toque-musicall.com\/index.php?rest_route=\/wp\/v2\/posts"}],"about":[{"href":"https:\/\/www.toque-musicall.com\/index.php?rest_route=\/wp\/v2\/types\/post"}],"author":[{"embeddable":true,"href":"https:\/\/www.toque-musicall.com\/index.php?rest_route=\/wp\/v2\/users\/1"}],"replies":[{"embeddable":true,"href":"https:\/\/www.toque-musicall.com\/index.php?rest_route=%2Fwp%2Fv2%2Fcomments&post=9359"}],"version-history":[{"count":2,"href":"https:\/\/www.toque-musicall.com\/index.php?rest_route=\/wp\/v2\/posts\/9359\/revisions"}],"predecessor-version":[{"id":9361,"href":"https:\/\/www.toque-musicall.com\/index.php?rest_route=\/wp\/v2\/posts\/9359\/revisions\/9361"}],"wp:attachment":[{"href":"https:\/\/www.toque-musicall.com\/index.php?rest_route=%2Fwp%2Fv2%2Fmedia&parent=9359"}],"wp:term":[{"taxonomy":"category","embeddable":true,"href":"https:\/\/www.toque-musicall.com\/index.php?rest_route=%2Fwp%2Fv2%2Fcategories&post=9359"},{"taxonomy":"post_tag","embeddable":true,"href":"https:\/\/www.toque-musicall.com\/index.php?rest_route=%2Fwp%2Fv2%2Ftags&post=9359"}],"curies":[{"name":"wp","href":"https:\/\/api.w.org\/{rel}","templated":true}]}}