{"id":936,"date":"2010-02-11T11:43:00","date_gmt":"2010-02-11T11:43:00","guid":{"rendered":"http:\/\/www.toque-musicall.com\/?p=936"},"modified":"2010-02-11T11:43:00","modified_gmt":"2010-02-11T11:43:00","slug":"carnaval-78-1977","status":"publish","type":"post","link":"https:\/\/www.toque-musicall.com\/?p=936","title":{"rendered":"Carnaval 78 (1977)"},"content":{"rendered":"<p><a href=\"http:\/\/4.bp.blogspot.com\/_DSKVEvHtskc\/S3Pt9UHBXWI\/AAAAAAAAGLE\/5YMXABaxfvk\/s1600-h\/Carnaval+78+P.JPG\"><img decoding=\"async\" style=\"TEXT-ALIGN: center; MARGIN: 0px auto 10px; WIDTH: 400px; DISPLAY: block; HEIGHT: 399px; CURSOR: hand\" id=\"BLOGGER_PHOTO_ID_5436950812792282466\" border=\"0\" alt=\"\" src=\"http:\/\/4.bp.blogspot.com\/_DSKVEvHtskc\/S3Pt9UHBXWI\/AAAAAAAAGLE\/5YMXABaxfvk\/s400\/Carnaval+78+P.JPG\" \/><\/a> Ol\u00e1 amigos cultos e ocultos! Est\u00e3o gostando das coisas boas do carnaval? Muita m\u00fasica boa, n\u00e9 n\u00e3o? Pois \u00e9, nada como um desfile em bloco para animar a festa. Como eu j\u00e1 informei, o que n\u00e3o falta no Toque Musical \u00e9 m\u00fasica de carnaval. Tem de todo tipo, de todas as \u00e9pocas e para todos os gostos. Basta consultar nosso index, a lista de postagem por nomes. T\u00e1 tudo a\u00ed&#8230;<br \/>Seguimos com mais um \u00e1lbum bacana, a come\u00e7ar pelas mulatas (do Sargentelli) estampadas na capa. Que belo chamarisco, heim? Para endossar, este disco \u00e9 uma produ\u00e7\u00e3o da RCA, um garantia de que temos aqui uma colet\u00e2nea da melhor qualidade. Ao contr\u00e1rio dos discos anteriores, neste o repert\u00f3rio \u00e9 interpretado por astros da gravadora, nomes de peso e horas de bailes carnavalescos, como Nelson Gon\u00e7alves, Noite Ilustrada, Os Originais do Samba e outros&#8230; Um disco ao melhor estilo dos cl\u00e1ssicos de outros tempos. S\u00f3 no sapatinho&#8230;<\/p>\n<div align=\"center\">jamais, jamais, jamais&#8230; &#8211; nelson gon\u00e7alves<\/div>\n<div align=\"center\">agora vai &#8211; os originais do samba<\/div>\n<div align=\"center\">leviana &#8211; aroldo santos<\/div>\n<div align=\"center\">a marcha da decis\u00e3o &#8211; zel\u00e3o<\/div>\n<div align=\"center\">garota perigosa &#8211; noite ilustrada<\/div>\n<div align=\"center\">carnaval \u00e9 isso &#8211; nilton cesar<\/div>\n<div align=\"center\">a marcha do caneco, beijinho de boa noite,<\/div>\n<div align=\"center\">a marcha do pam pam e eu te amo meu brasil &#8211; coro rca<\/div>\n<div align=\"center\">agua do pote &#8211; noite ilustrada<\/div>\n<div align=\"center\">foi lindo o nosso amor &#8211; aroldo santos<\/div>\n<div align=\"center\">swat &#8211; nelson gon\u00e7alves<\/div>\n<div align=\"center\">todo mundo quer moleza &#8211; marly marlei<\/div>\n<div align=\"center\">a marcha do lhe &#8211; zel\u00e3o<\/div>\n<div align=\"center\">bloco do eu sozinho &#8211; os originais do samba<\/div>\n<div align=\"center\">bilu tet\u00e9ia, a marcha do pedro b\u00f3, <\/div>\n<div align=\"center\">este \u00e9 um pa\u00eds que vai pra frente, marcha da torcida brasileira &#8211; coro rca<\/div>\n","protected":false},"excerpt":{"rendered":"<p>Ol\u00e1 amigos cultos e ocultos! Est\u00e3o gostando das coisas boas do carnaval? Muita m\u00fasica boa, n\u00e9 n\u00e3o? Pois \u00e9, nada como um desfile em bloco para animar a festa. Como eu j\u00e1 informei, o que n\u00e3o falta no Toque Musical &hellip; <a href=\"https:\/\/www.toque-musicall.com\/?p=936\">Continue lendo <span class=\"meta-nav\">&rarr;<\/span><\/a><\/p>\n","protected":false},"author":1,"featured_media":0,"comment_status":"open","ping_status":"closed","sticky":false,"template":"","format":"standard","meta":{"footnotes":""},"categories":[263,1246],"tags":[],"class_list":["post-936","post","type-post","status-publish","format-standard","hentry","category-carnaval","category-carnaval-78"],"_links":{"self":[{"href":"https:\/\/www.toque-musicall.com\/index.php?rest_route=\/wp\/v2\/posts\/936","targetHints":{"allow":["GET"]}}],"collection":[{"href":"https:\/\/www.toque-musicall.com\/index.php?rest_route=\/wp\/v2\/posts"}],"about":[{"href":"https:\/\/www.toque-musicall.com\/index.php?rest_route=\/wp\/v2\/types\/post"}],"author":[{"embeddable":true,"href":"https:\/\/www.toque-musicall.com\/index.php?rest_route=\/wp\/v2\/users\/1"}],"replies":[{"embeddable":true,"href":"https:\/\/www.toque-musicall.com\/index.php?rest_route=%2Fwp%2Fv2%2Fcomments&post=936"}],"version-history":[{"count":0,"href":"https:\/\/www.toque-musicall.com\/index.php?rest_route=\/wp\/v2\/posts\/936\/revisions"}],"wp:attachment":[{"href":"https:\/\/www.toque-musicall.com\/index.php?rest_route=%2Fwp%2Fv2%2Fmedia&parent=936"}],"wp:term":[{"taxonomy":"category","embeddable":true,"href":"https:\/\/www.toque-musicall.com\/index.php?rest_route=%2Fwp%2Fv2%2Fcategories&post=936"},{"taxonomy":"post_tag","embeddable":true,"href":"https:\/\/www.toque-musicall.com\/index.php?rest_route=%2Fwp%2Fv2%2Ftags&post=936"}],"curies":[{"name":"wp","href":"https:\/\/api.w.org\/{rel}","templated":true}]}}