{"id":937,"date":"2010-02-11T00:15:00","date_gmt":"2010-02-11T00:15:00","guid":{"rendered":"http:\/\/www.toque-musicall.com\/?p=937"},"modified":"2010-02-11T00:15:00","modified_gmt":"2010-02-11T00:15:00","slug":"samba-suor-e-ourico-vol-5-1980","status":"publish","type":"post","link":"https:\/\/www.toque-musicall.com\/?p=937","title":{"rendered":"Samba Suor E Ouri\u00e7o &#8211; Vol. 5 (1980)"},"content":{"rendered":"<p><a href=\"http:\/\/4.bp.blogspot.com\/_DSKVEvHtskc\/S3NMapxE7UI\/AAAAAAAAGK4\/XlY17LLXAE4\/s1600-h\/samba+suor+e+ouri%C3%A7o+P.JPG\"><img decoding=\"async\" style=\"TEXT-ALIGN: center; MARGIN: 0px auto 10px; WIDTH: 400px; DISPLAY: block; HEIGHT: 398px; CURSOR: hand\" id=\"BLOGGER_PHOTO_ID_5436773195938327874\" border=\"0\" alt=\"\" src=\"http:\/\/4.bp.blogspot.com\/_DSKVEvHtskc\/S3NMapxE7UI\/AAAAAAAAGK4\/XlY17LLXAE4\/s400\/samba+suor+e+ouri%C3%A7o+P.JPG\" \/><\/a> De boa em boa vamos a cada dia nos aproximando do Carnaval. Pena eu n\u00e3o ter tido tempo para fazer uma sele\u00e7\u00e3o um pouco mais apurada, tanto de capa quanto de conte\u00fado musical. Tem umas \u00f3timas, mas na pressa acabei catando o que estava \u00e0 m\u00e3o. E pelo jeito s\u00f3 est\u00e1 dando anos 80. Acho que me empolguei&#8230;<br \/>O disco de hoje \u00e9 bem na linha do que foi postado ontem. S\u00e3o 28 m\u00fasicas num &#8216;pot pourri&#8217; com pausa apenas para virar o lado. Est\u00e3o reunidos aqui alguns dos melhores sambas enredos, numa grava\u00e7\u00e3o direta, ao vivo e cheia de folia. Viva o Carnaval!<\/p>\n<div align=\"center\">hoje tem marmelada<\/div>\n<div align=\"center\">macuna\u00edma<\/div>\n<div align=\"center\">ilu-ay\u00ea<\/div>\n<div align=\"center\">lapa em tr\u00eas tempos<\/div>\n<div align=\"center\">no reino da m\u00e3e do ouro<\/div>\n<div align=\"center\">o mundo encantado de monteiro lobato<\/div>\n<div align=\"center\">lendas do abaet\u00e9<\/div>\n<div align=\"center\">festa do c\u00edrio de nazar\u00e9<\/div>\n<div align=\"center\">m\u00e3e menininha<\/div>\n<div align=\"center\">a festa do divino<\/div>\n<div align=\"center\">sonhar com rei d\u00e1 le\u00e3o<\/div>\n<div align=\"center\">os sert\u00f5es<\/div>\n<div align=\"center\">a festa dos deuses afro brasileiros<\/div>\n<div align=\"center\">martim cerer\u00ea<\/div>\n<div align=\"center\">o que ser\u00e1<\/div>\n<div align=\"center\">o amanh\u00e3<\/div>\n<div align=\"center\">domingo <\/div>\n<div align=\"center\">sonho de um sonho<\/div>\n<div align=\"center\">iai\u00e1 do cais dourado<\/div>\n<div align=\"center\">al\u00f4 al\u00f4 ta\u00ed carmen miranda<\/div>\n<div align=\"center\">nordeste, seu povo, seu canto e sua gl\u00f3ria<\/div>\n<div align=\"center\">her\u00f3is da liberdade<\/div>\n<div align=\"center\">exalta\u00e7\u00e3o a tiradentes<\/div>\n<div align=\"center\">lendas das sereias rainha do mar<\/div>\n<div align=\"center\">festa para um rei negro<\/div>\n<div align=\"center\">bahia de todos os deuses<\/div>\n<div align=\"center\">chica da silva<\/div>\n<div align=\"center\">mangueira minha querida madrinha<\/div>\n<div align=\"center\"><\/div>\n<div align=\"center\"><\/div>\n","protected":false},"excerpt":{"rendered":"<p>De boa em boa vamos a cada dia nos aproximando do Carnaval. Pena eu n\u00e3o ter tido tempo para fazer uma sele\u00e7\u00e3o um pouco mais apurada, tanto de capa quanto de conte\u00fado musical. Tem umas \u00f3timas, mas na pressa acabei &hellip; <a href=\"https:\/\/www.toque-musicall.com\/?p=937\">Continue lendo <span class=\"meta-nav\">&rarr;<\/span><\/a><\/p>\n","protected":false},"author":1,"featured_media":0,"comment_status":"open","ping_status":"closed","sticky":false,"template":"","format":"standard","meta":{"footnotes":""},"categories":[263,1247],"tags":[],"class_list":["post-937","post","type-post","status-publish","format-standard","hentry","category-carnaval","category-samba-suor-e-ourico"],"_links":{"self":[{"href":"https:\/\/www.toque-musicall.com\/index.php?rest_route=\/wp\/v2\/posts\/937","targetHints":{"allow":["GET"]}}],"collection":[{"href":"https:\/\/www.toque-musicall.com\/index.php?rest_route=\/wp\/v2\/posts"}],"about":[{"href":"https:\/\/www.toque-musicall.com\/index.php?rest_route=\/wp\/v2\/types\/post"}],"author":[{"embeddable":true,"href":"https:\/\/www.toque-musicall.com\/index.php?rest_route=\/wp\/v2\/users\/1"}],"replies":[{"embeddable":true,"href":"https:\/\/www.toque-musicall.com\/index.php?rest_route=%2Fwp%2Fv2%2Fcomments&post=937"}],"version-history":[{"count":0,"href":"https:\/\/www.toque-musicall.com\/index.php?rest_route=\/wp\/v2\/posts\/937\/revisions"}],"wp:attachment":[{"href":"https:\/\/www.toque-musicall.com\/index.php?rest_route=%2Fwp%2Fv2%2Fmedia&parent=937"}],"wp:term":[{"taxonomy":"category","embeddable":true,"href":"https:\/\/www.toque-musicall.com\/index.php?rest_route=%2Fwp%2Fv2%2Fcategories&post=937"},{"taxonomy":"post_tag","embeddable":true,"href":"https:\/\/www.toque-musicall.com\/index.php?rest_route=%2Fwp%2Fv2%2Ftags&post=937"}],"curies":[{"name":"wp","href":"https:\/\/api.w.org\/{rel}","templated":true}]}}