{"id":9373,"date":"2022-05-07T08:22:29","date_gmt":"2022-05-07T11:22:29","guid":{"rendered":"https:\/\/www.toque-musicall.com\/?p=9373"},"modified":"2022-05-08T07:51:53","modified_gmt":"2022-05-08T10:51:53","slug":"bebeto-alves-1981","status":"publish","type":"post","link":"https:\/\/www.toque-musicall.com\/?p=9373","title":{"rendered":"Bebeto Alves (1981)"},"content":{"rendered":"\n<figure class=\"wp-block-image size-large\"><img decoding=\"async\" src=\"https:\/\/blogger.googleusercontent.com\/img\/b\/R29vZ2xl\/AVvXsEgzMtWSxsESqcNlTwbLzEnRLIKo6mHW13e6BaUl7cHNRSS3QqO0SGbHB2UaVv7p8jKuQFaNyJjXGWh4luJZvSt1C5k6gCoS8TJq8BQOc_ayXc2nv5DycBhWQOpmgh6FRJ5MT3QuWRfDSH0i6bWlkkBwsCGAn2lhfipeBhatOr5JJO_ByqJpmz0pHXFU5A\/w640-h636\/Capturarf.JPG\" alt=\"\"\/><\/figure>\n\n\n\n<figure class=\"wp-block-image size-large\"><img decoding=\"async\" src=\"https:\/\/blogger.googleusercontent.com\/img\/b\/R29vZ2xl\/AVvXsEirmqy7L4F-56RmrZwMJwinBy0AwEBPl4xDEnF11kfOtWrewSnqdysa7vnepTXd-q2gNWBFRb50oUVGkor-hfIihL5jhF5yWoZANC9euA9jclptZ5fGTszM68b80omanw4OjuMX2Y-Wehp-eSXtXmCYDgTQK16xrqKppow_IEO6JhBQ9IytFlcDLE5oBg\/w640-h640\/Capturarb.JPG\" alt=\"\"\/><\/figure>\n\n\n<div class=\"separator\">Ol\u00e1, meus car\u00edssimos amigos cultos e ocultos! Olha, definitivamente&#8230; vejo que n\u00e3o vou conseguir atualizar um m\u00eas de atraso em nossas postagens. Isso, na verdade, nunca aconteceu antes. Eu nunca fiquei tanto tempo se fazer uma postagem como tem acontecido agora. As raz\u00f5es s\u00e3o diversas, mas eu vou sempre culpar a falta de tempo, o tempo que falta para eu me dedicar mais a essa cacha\u00e7a. Digamos apenas que os tempos hoje s\u00e3o outros. Dessa forma, vamos considerar aqui a coisa de uma outra maneira. Entendam essa pausa como f\u00e9rias, como se eu tivesse tirado um m\u00eas de f\u00e9rias e agora estivesse voltando. E neste retorno, vamos trazendo aqui o ga\u00facho Bebeto Alves, um dos grandes expoentes da m\u00fasica popular ga\u00facha nos anos 80. Cantor e compositor, tem em sua carreira dezenas de discos lan\u00e7ados, sendo este, de 81, seu primeiro \u00e1lbum, lan\u00e7ado pela CBS atrav\u00e9s de seu selo Epic. E diga-se de passagem, um excelente lp, com um repert\u00f3rio autoral e de primeira linha, trazendo tamb\u00e9m um time de m\u00fasicos, n\u00e3o apenas ga\u00fachos, que d\u00e3o a este primeiro trabalho um gosto de &#8216;quero mais&#8217;. J\u00e1 apresentamos outro disco deste artista por aqui e por certo, em uma outra oportunidade traremos outros. Confiram no GTM&#8230;.<\/div>\n<div class=\"separator\">\u00a0<\/div>\n<div class=\"separator\">sant&#8217;anna do uruguay<\/div>\n<div class=\"separator\">de um bando<\/div>\n<div class=\"separator\">agua<\/div>\n<div class=\"separator\">momento encantado<\/div>\n<div class=\"separator\">moleque do parque<\/div>\n<div class=\"separator\">a m\u00e3o e o medo<\/div>\n<div class=\"separator\">fogueiras<\/div>\n<div class=\"separator\">raiar<\/div>\n<div class=\"separator\">bandeira<\/div>\n<div class=\"separator\">kraft&#8230;mesmo<\/div>\n<div class=\"separator\">polvadeira<\/div>\n<div class=\"separator\">\u00a0<\/div>\n<div class=\"separator\">\u00a0<\/div>\n<div class=\"separator\">.<\/div>","protected":false},"excerpt":{"rendered":"<p>Ol\u00e1, meus car\u00edssimos amigos cultos e ocultos! Olha, definitivamente&#8230; vejo que n\u00e3o vou conseguir atualizar um m\u00eas de atraso em nossas postagens. Isso, na verdade, nunca aconteceu antes. Eu nunca fiquei tanto tempo se fazer uma postagem como tem acontecido &hellip; <a href=\"https:\/\/www.toque-musicall.com\/?p=9373\">Continue lendo <span class=\"meta-nav\">&rarr;<\/span><\/a><\/p>\n","protected":false},"author":1,"featured_media":0,"comment_status":"closed","ping_status":"closed","sticky":false,"template":"","format":"standard","meta":{"footnotes":""},"categories":[2443,624,1],"tags":[5078,3583],"class_list":["post-9373","post","type-post","status-publish","format-standard","hentry","category-bebeto-alves","category-selo-epic","category-sem-categoria","tag-bebeto-alves","tag-selo-epic"],"_links":{"self":[{"href":"https:\/\/www.toque-musicall.com\/index.php?rest_route=\/wp\/v2\/posts\/9373","targetHints":{"allow":["GET"]}}],"collection":[{"href":"https:\/\/www.toque-musicall.com\/index.php?rest_route=\/wp\/v2\/posts"}],"about":[{"href":"https:\/\/www.toque-musicall.com\/index.php?rest_route=\/wp\/v2\/types\/post"}],"author":[{"embeddable":true,"href":"https:\/\/www.toque-musicall.com\/index.php?rest_route=\/wp\/v2\/users\/1"}],"replies":[{"embeddable":true,"href":"https:\/\/www.toque-musicall.com\/index.php?rest_route=%2Fwp%2Fv2%2Fcomments&post=9373"}],"version-history":[{"count":1,"href":"https:\/\/www.toque-musicall.com\/index.php?rest_route=\/wp\/v2\/posts\/9373\/revisions"}],"predecessor-version":[{"id":9374,"href":"https:\/\/www.toque-musicall.com\/index.php?rest_route=\/wp\/v2\/posts\/9373\/revisions\/9374"}],"wp:attachment":[{"href":"https:\/\/www.toque-musicall.com\/index.php?rest_route=%2Fwp%2Fv2%2Fmedia&parent=9373"}],"wp:term":[{"taxonomy":"category","embeddable":true,"href":"https:\/\/www.toque-musicall.com\/index.php?rest_route=%2Fwp%2Fv2%2Fcategories&post=9373"},{"taxonomy":"post_tag","embeddable":true,"href":"https:\/\/www.toque-musicall.com\/index.php?rest_route=%2Fwp%2Fv2%2Ftags&post=9373"}],"curies":[{"name":"wp","href":"https:\/\/api.w.org\/{rel}","templated":true}]}}