{"id":9376,"date":"2022-05-08T07:36:44","date_gmt":"2022-05-08T10:36:44","guid":{"rendered":"https:\/\/www.toque-musicall.com\/?p=9376"},"modified":"2022-05-08T07:52:35","modified_gmt":"2022-05-08T10:52:35","slug":"noel-rosa-noel-por-noel-1971","status":"publish","type":"post","link":"https:\/\/www.toque-musicall.com\/?p=9376","title":{"rendered":"Noel Rosa &#8211; Noel Por Noel (1971)"},"content":{"rendered":"\n<figure class=\"wp-block-image size-large\"><img decoding=\"async\" src=\"https:\/\/blogger.googleusercontent.com\/img\/b\/R29vZ2xl\/AVvXsEiZ8jegyXLcr3ifk6nBhhmeR_iGXdmN_DgMvIccI-QRj7mVIdKNrLqeXDz96K5T2PNCq22Nx2DVDtnm_VYc98S-aG55HC0rhVFCZiNFVPUpSV1luvTksAexdE-6vQY2ogjwGcr3leacApfjU4uqPA09_yQrZ2d3IhicvWcYD82BrYL7aa5MDp5hLoZbEA\/w636-h640\/Capturarf.JPG\" alt=\"\"\/><\/figure>\n\n\n\n<figure class=\"wp-block-image size-large\"><img decoding=\"async\" src=\"https:\/\/blogger.googleusercontent.com\/img\/b\/R29vZ2xl\/AVvXsEhujsXtS_GFuO1qXtsS50lqt69w2eKd1DXbf3oOMaWHO1uSkWjgc_HQnvFxfnfTU7EqTvvbmxyImRg7Jx4QxPcVdv_cN2h0cSia82jC-9qUVuQtJ-MseWD5Kb6F-_pseiH1My-viGe6JwLAAQNQ4gBbAUbfhWLzNn2WUbteHRZE5QaAjFPriTK0ArTElw\/w634-h640\/Capturarb.JPG\" alt=\"\"\/><\/figure>\n\n\n<div class=\"separator\">Bom dia a todos, amigos cultos e ocultos! C\u00e1 estamos, mais uma vez chovendo no molhado. Mas quando a chuva \u00e9 boa e necess\u00e1ria, pode continuar chovendo, principalmente se for chuva de Noel Rosa. Creio que j\u00e1 postamos aqui, no Toque Musical, tudo ou quase tudo desse genial compositor. Por\u00e9m, agora h\u00e1 pouco estava eu come\u00e7ando o meu domingo e peguei de cara este lp para ouvir. Seria um pecado n\u00e3o compartilhar ele tamb\u00e9m com voc\u00eas. Embora essas mesmas grava\u00e7\u00f5es j\u00e1 tenham aparecido em outros discos, esta edi\u00e7\u00e3o de 1971 lan\u00e7ada pelo selo Imperial, da Odeon, foi a primeira a reunir num lp de 12 polegadas os poucos registros do compositor cantando seus pr\u00f3prios sambas. \u00c9, sem d\u00favida, um disco para se ter na estante. Um verdadeiro resumo da \u00f3pera na voz de seu pr\u00f3prio autor. Aqui est\u00e3o reunidas algumas de suas mais expressivas composi\u00e7\u00f5es. A ver e a ouvir&#8230;<\/div>\n<div class=\"separator\">\u00a0<\/div>\n<div class=\"separator\">cem mil r\u00e9is<\/div>\n<div class=\"separator\">malandro medroso<\/div>\n<div class=\"separator\">com que roupa<\/div>\n<div class=\"separator\">seu jacinto<\/div>\n<div class=\"separator\">quem d\u00e1 mais<\/div>\n<div class=\"separator\">quem n\u00e3o dan\u00e7a<\/div>\n<div class=\"separator\">da babado<\/div>\n<div class=\"separator\">mulata fuzarqueira<\/div>\n<div class=\"separator\">cora\u00e7\u00e3o<\/div>\n<div class=\"separator\">jo\u00e3o ningu\u00e9m<\/div>\n<div class=\"separator\">cordiais<\/div>\n<div class=\"separator\">sauda\u00e7\u00f5es<\/div>\n<div class=\"separator\">conversa de botequim<\/div>\n<div class=\"separator\">\u00a0<\/div>\n<div class=\"separator\">\u00a0<\/div>\n<div class=\"separator\">.<\/div>","protected":false},"excerpt":{"rendered":"<p>Bom dia a todos, amigos cultos e ocultos! C\u00e1 estamos, mais uma vez chovendo no molhado. Mas quando a chuva \u00e9 boa e necess\u00e1ria, pode continuar chovendo, principalmente se for chuva de Noel Rosa. Creio que j\u00e1 postamos aqui, no &hellip; <a href=\"https:\/\/www.toque-musicall.com\/?p=9376\">Continue lendo <span class=\"meta-nav\">&rarr;<\/span><\/a><\/p>\n","protected":false},"author":1,"featured_media":0,"comment_status":"closed","ping_status":"closed","sticky":false,"template":"","format":"standard","meta":{"footnotes":""},"categories":[678,3,1],"tags":[4692,5005],"class_list":["post-9376","post","type-post","status-publish","format-standard","hentry","category-noel-rosa","category-selo-imperial","category-sem-categoria","tag-noel-rosa","tag-selo-imperial"],"_links":{"self":[{"href":"https:\/\/www.toque-musicall.com\/index.php?rest_route=\/wp\/v2\/posts\/9376","targetHints":{"allow":["GET"]}}],"collection":[{"href":"https:\/\/www.toque-musicall.com\/index.php?rest_route=\/wp\/v2\/posts"}],"about":[{"href":"https:\/\/www.toque-musicall.com\/index.php?rest_route=\/wp\/v2\/types\/post"}],"author":[{"embeddable":true,"href":"https:\/\/www.toque-musicall.com\/index.php?rest_route=\/wp\/v2\/users\/1"}],"replies":[{"embeddable":true,"href":"https:\/\/www.toque-musicall.com\/index.php?rest_route=%2Fwp%2Fv2%2Fcomments&post=9376"}],"version-history":[{"count":1,"href":"https:\/\/www.toque-musicall.com\/index.php?rest_route=\/wp\/v2\/posts\/9376\/revisions"}],"predecessor-version":[{"id":9377,"href":"https:\/\/www.toque-musicall.com\/index.php?rest_route=\/wp\/v2\/posts\/9376\/revisions\/9377"}],"wp:attachment":[{"href":"https:\/\/www.toque-musicall.com\/index.php?rest_route=%2Fwp%2Fv2%2Fmedia&parent=9376"}],"wp:term":[{"taxonomy":"category","embeddable":true,"href":"https:\/\/www.toque-musicall.com\/index.php?rest_route=%2Fwp%2Fv2%2Fcategories&post=9376"},{"taxonomy":"post_tag","embeddable":true,"href":"https:\/\/www.toque-musicall.com\/index.php?rest_route=%2Fwp%2Fv2%2Ftags&post=9376"}],"curies":[{"name":"wp","href":"https:\/\/api.w.org\/{rel}","templated":true}]}}