{"id":9379,"date":"2022-05-09T23:11:00","date_gmt":"2022-05-10T02:11:00","guid":{"rendered":"https:\/\/www.toque-musicall.com\/?p=9379"},"modified":"2022-05-10T23:14:39","modified_gmt":"2022-05-11T02:14:39","slug":"maciel-e-seus-cariocas-serenaders-na-cadencia-do-samba-1957","status":"publish","type":"post","link":"https:\/\/www.toque-musicall.com\/?p=9379","title":{"rendered":"Maciel E Seus Cariocas Serenaders &#8211; Na Cadencia Do Samba (1957)"},"content":{"rendered":"\n<figure class=\"wp-block-image size-large\"><img decoding=\"async\" src=\"https:\/\/blogger.googleusercontent.com\/img\/b\/R29vZ2xl\/AVvXsEgWIAgWvm33PP0X9MbB1VrUyiV8lw7rVayiJes7Iq85dech_Ja0p_dclxd259M0s31oFKeOfaSedqtxPmPp5sNEmjJ9hY3qg6al1iX1zf-UtVWRBBVi6fGhYEUTWNCym0kcm4ZSVnuLsh5A48ypvm4AUgjeniLomVtUMZgOnlWaVoV0UTLlHN-libkz3A\/w640-h632\/Capturarf.JPG\" alt=\"\"\/><\/figure>\n\n\n\n<figure class=\"wp-block-image size-large\"><img decoding=\"async\" src=\"https:\/\/blogger.googleusercontent.com\/img\/b\/R29vZ2xl\/AVvXsEjVnzL6rrTY3-vXR89PM66nhG1A2NPFdPDlOslKlakBofqPPn2d3ME2aXNUZ3N1ZyVj3d0piyyEFsMagMDL5mp_0c3rAPWZlMYUuccEI_8ECROH8Vlb77przAjE4jIzh-nLnw9YeQUKXg6XvBnJPlOMGkVkvy-4MEqHgSJxZwf9Yw3sItEsuPKxTumF5g\/w596-h640\/Capturarb.JPG\" alt=\"\"\/><\/figure>\n\n\n<div class=\"separator\">Boa hora, caros amigos cultos e ocultos! O toque musical de hoje \u00e9 com o trompetista, arranjador, compositor e maestro Edmundo Maciel, conhecido como Ed Maciel. M\u00fasico exemplar, atuante nas d\u00e9cadas de 50 a 70. Passou por diversas orquestras, inclusive a Sinf\u00f4nica do Teatro Municipal do Rio de Janeiro. Gravou dezenas ou at\u00e9 centenas de discos, se considerarmos sua participa\u00e7\u00e3o tamb\u00e9m como m\u00fasico de est\u00fadio. Tocou tamb\u00e9m com todos os principais nomes da m\u00fasica brasileira<\/div>\n<div class=\"separator\">Aqui temos ele em seu primeiro disco, lan\u00e7ado em 1957 pelo selo Sinter, um dos primeiros lps de 12 polegadas lan\u00e7ados no Brasil. Leia mais na contracapa.<\/div>\n<div class=\"separator\">\u00a0<\/div>\n<div class=\"separator\">confian\u00e7a<\/div>\n<div class=\"separator\">na cad\u00eancia do samba<\/div>\n<div class=\"separator\">sal e pimenta<\/div>\n<div class=\"separator\">saudades da bahia<\/div>\n<div class=\"separator\">o apito no samba<\/div>\n<div class=\"separator\">n\u00e3o tem solu\u00e7\u00e3o<\/div>\n<div class=\"separator\">se voc\u00ea jurar<\/div>\n<div class=\"separator\">helela&#8230; helena<\/div>\n<div class=\"separator\">n\u00e3o me diga adeus<\/div>\n<div class=\"separator\">vai amor<\/div>\n<div class=\"separator\">est\u00e1 chegando a hora<\/div>\n<div class=\"separator\">maracatuc\u00e1<\/div>\n<div class=\"separator\">mulher rendeira<\/div>\n<div class=\"separator\">\u00a0<\/div>\n<div class=\"separator\">\u00a0<\/div>\n<div class=\"separator\">.<\/div>","protected":false},"excerpt":{"rendered":"<p>Boa hora, caros amigos cultos e ocultos! O toque musical de hoje \u00e9 com o trompetista, arranjador, compositor e maestro Edmundo Maciel, conhecido como Ed Maciel. M\u00fasico exemplar, atuante nas d\u00e9cadas de 50 a 70. Passou por diversas orquestras, inclusive &hellip; <a href=\"https:\/\/www.toque-musicall.com\/?p=9379\">Continue lendo <span class=\"meta-nav\">&rarr;<\/span><\/a><\/p>\n","protected":false},"author":1,"featured_media":0,"comment_status":"closed","ping_status":"closed","sticky":false,"template":"","format":"standard","meta":{"footnotes":""},"categories":[5080],"tags":[],"class_list":["post-9379","post","type-post","status-publish","format-standard","hentry","category-maciel-e-seus-cariocas-sereneders"],"_links":{"self":[{"href":"https:\/\/www.toque-musicall.com\/index.php?rest_route=\/wp\/v2\/posts\/9379","targetHints":{"allow":["GET"]}}],"collection":[{"href":"https:\/\/www.toque-musicall.com\/index.php?rest_route=\/wp\/v2\/posts"}],"about":[{"href":"https:\/\/www.toque-musicall.com\/index.php?rest_route=\/wp\/v2\/types\/post"}],"author":[{"embeddable":true,"href":"https:\/\/www.toque-musicall.com\/index.php?rest_route=\/wp\/v2\/users\/1"}],"replies":[{"embeddable":true,"href":"https:\/\/www.toque-musicall.com\/index.php?rest_route=%2Fwp%2Fv2%2Fcomments&post=9379"}],"version-history":[{"count":1,"href":"https:\/\/www.toque-musicall.com\/index.php?rest_route=\/wp\/v2\/posts\/9379\/revisions"}],"predecessor-version":[{"id":9380,"href":"https:\/\/www.toque-musicall.com\/index.php?rest_route=\/wp\/v2\/posts\/9379\/revisions\/9380"}],"wp:attachment":[{"href":"https:\/\/www.toque-musicall.com\/index.php?rest_route=%2Fwp%2Fv2%2Fmedia&parent=9379"}],"wp:term":[{"taxonomy":"category","embeddable":true,"href":"https:\/\/www.toque-musicall.com\/index.php?rest_route=%2Fwp%2Fv2%2Fcategories&post=9379"},{"taxonomy":"post_tag","embeddable":true,"href":"https:\/\/www.toque-musicall.com\/index.php?rest_route=%2Fwp%2Fv2%2Ftags&post=9379"}],"curies":[{"name":"wp","href":"https:\/\/api.w.org\/{rel}","templated":true}]}}