{"id":938,"date":"2010-02-09T10:41:00","date_gmt":"2010-02-09T10:41:00","guid":{"rendered":"http:\/\/www.toque-musicall.com\/?p=938"},"modified":"2010-02-09T10:41:00","modified_gmt":"2010-02-09T10:41:00","slug":"a-banda-do-carnaval-1984","status":"publish","type":"post","link":"https:\/\/www.toque-musicall.com\/?p=938","title":{"rendered":"A Banda Do Carnaval (1984)"},"content":{"rendered":"<p><a href=\"http:\/\/4.bp.blogspot.com\/_DSKVEvHtskc\/S3GywtjicGI\/AAAAAAAAGKQ\/lQupOEIczUQ\/s1600-h\/a+banda+P.JPG\"><img decoding=\"async\" style=\"TEXT-ALIGN: center; MARGIN: 0px auto 10px; WIDTH: 400px; DISPLAY: block; HEIGHT: 394px; CURSOR: hand\" id=\"BLOGGER_PHOTO_ID_5436322775145017442\" border=\"0\" alt=\"\" src=\"http:\/\/4.bp.blogspot.com\/_DSKVEvHtskc\/S3GywtjicGI\/AAAAAAAAGKQ\/lQupOEIczUQ\/s400\/a+banda+P.JPG\" \/><\/a>Mais uma &#8216;boa&#8217; para anunciar o Carnaval. Temos aqui o que foi o embalo da festa do ano de 1984. Um lp feito para animar a turma do sal\u00e3o, enquanto a banda de verdade descansa e toma um guaran\u00e1. S\u00e3o 33 sucessos da m\u00fasica popular brasileira em ritmo de folia sem intervalos, exceto para mudar o lado do disco. Ta\u00ed uma coisa que eu gosto na m\u00fasica de carnaval \u00e9 essa facilidade de adotar al\u00e9m do samba (claro!), o rock, o pop, o sertanejo e tantos outros tipos de m\u00fasica &#8211; transformando tudo numa grande folia. Como podemos constatar, as m\u00fasicas desse &#8216;pot pourri&#8217; de carnaval s\u00e3o todas sucessos da \u00e9poca, m\u00fasicas das mais variadas no cen\u00e1rio &#8216;r\u00e1dio pop&#8217; do anos 80. Aqui n\u00e3o h\u00e1 lugar para as marchinhas cl\u00e1ssicas. E realmente nem precisa. Ficou apenas o esp\u00edrito da alegria e o batido de carnaval. Pode conferir&#8230;<\/p>\n<div align=\"center\">abertura<\/div>\n<div align=\"center\">\u00e9 de chocolate<br \/>super fant\u00e1stico<\/div>\n<div align=\"center\">comer, comer<\/div>\n<div align=\"center\">bicicleta<\/div>\n<div align=\"center\">mama maria<\/div>\n<div align=\"center\">masculino feminino<\/div>\n<div align=\"center\">close<\/div>\n<div align=\"center\">carrossel de esperan\u00e7a<\/div>\n<div align=\"center\">baile dos passarinhos<\/div>\n<div align=\"center\">banho de cheiro<\/div>\n<div align=\"center\">do jeito que a gente gosta<\/div>\n<div align=\"center\">descobridor dos sete mares<\/div>\n<div align=\"center\">tic tic nervoso<\/div>\n<div align=\"center\">beth balan\u00e7o<\/div>\n<div align=\"center\">eu sou free<\/div>\n<div align=\"center\">vamos a la playa<\/div>\n<div align=\"center\">a dois passos do para\u00edso<\/div>\n<div align=\"center\">enredo do meu samba<\/div>\n<div align=\"center\">deixa eu te amar<\/div>\n<div align=\"center\">coisas de momento<\/div>\n<div align=\"center\">biquini amarelinho<\/div>\n<div align=\"center\">on the rock&#8217;s<\/div>\n<div align=\"center\">maior abandonado<\/div>\n<div align=\"center\">beth fr\u00edgida<\/div>\n<div align=\"center\">ursinho blau blau<\/div>\n<div align=\"center\">transas e caretas<\/div>\n<div align=\"center\">casanova<\/div>\n<div align=\"center\">como eu quero<\/div>\n<div align=\"center\">eva<\/div>\n<div align=\"center\">sonia<\/div>\n<div align=\"center\">son\u00edfera ilha<\/div>\n<div align=\"center\">telma eu n\u00e3o sou gay<\/div>\n<div align=\"center\">fus\u00e7\u00e3o preto<\/div>\n<div align=\"center\"><\/div>\n<div align=\"center\"><\/div>\n","protected":false},"excerpt":{"rendered":"<p>Mais uma &#8216;boa&#8217; para anunciar o Carnaval. Temos aqui o que foi o embalo da festa do ano de 1984. Um lp feito para animar a turma do sal\u00e3o, enquanto a banda de verdade descansa e toma um guaran\u00e1. S\u00e3o &hellip; <a href=\"https:\/\/www.toque-musicall.com\/?p=938\">Continue lendo <span class=\"meta-nav\">&rarr;<\/span><\/a><\/p>\n","protected":false},"author":1,"featured_media":0,"comment_status":"open","ping_status":"closed","sticky":false,"template":"","format":"standard","meta":{"footnotes":""},"categories":[832,263],"tags":[],"class_list":["post-938","post","type-post","status-publish","format-standard","hentry","category-a-banda-do-carnaval","category-carnaval"],"_links":{"self":[{"href":"https:\/\/www.toque-musicall.com\/index.php?rest_route=\/wp\/v2\/posts\/938","targetHints":{"allow":["GET"]}}],"collection":[{"href":"https:\/\/www.toque-musicall.com\/index.php?rest_route=\/wp\/v2\/posts"}],"about":[{"href":"https:\/\/www.toque-musicall.com\/index.php?rest_route=\/wp\/v2\/types\/post"}],"author":[{"embeddable":true,"href":"https:\/\/www.toque-musicall.com\/index.php?rest_route=\/wp\/v2\/users\/1"}],"replies":[{"embeddable":true,"href":"https:\/\/www.toque-musicall.com\/index.php?rest_route=%2Fwp%2Fv2%2Fcomments&post=938"}],"version-history":[{"count":0,"href":"https:\/\/www.toque-musicall.com\/index.php?rest_route=\/wp\/v2\/posts\/938\/revisions"}],"wp:attachment":[{"href":"https:\/\/www.toque-musicall.com\/index.php?rest_route=%2Fwp%2Fv2%2Fmedia&parent=938"}],"wp:term":[{"taxonomy":"category","embeddable":true,"href":"https:\/\/www.toque-musicall.com\/index.php?rest_route=%2Fwp%2Fv2%2Fcategories&post=938"},{"taxonomy":"post_tag","embeddable":true,"href":"https:\/\/www.toque-musicall.com\/index.php?rest_route=%2Fwp%2Fv2%2Ftags&post=938"}],"curies":[{"name":"wp","href":"https:\/\/api.w.org\/{rel}","templated":true}]}}