{"id":939,"date":"2010-02-08T19:33:00","date_gmt":"2010-02-08T19:33:00","guid":{"rendered":"http:\/\/www.toque-musicall.com\/?p=939"},"modified":"2010-02-08T19:33:00","modified_gmt":"2010-02-08T19:33:00","slug":"samba-80-1980","status":"publish","type":"post","link":"https:\/\/www.toque-musicall.com\/?p=939","title":{"rendered":"Samba 80 (1980)"},"content":{"rendered":"<p><a href=\"http:\/\/2.bp.blogspot.com\/_DSKVEvHtskc\/S3BnbyC0uqI\/AAAAAAAAGJ4\/NBRPoCdCoIU\/s1600-h\/samba+80+P.JPG\"><img decoding=\"async\" style=\"TEXT-ALIGN: center; MARGIN: 0px auto 10px; WIDTH: 393px; DISPLAY: block; HEIGHT: 400px; CURSOR: hand\" id=\"BLOGGER_PHOTO_ID_5435958477223934626\" border=\"0\" alt=\"\" src=\"http:\/\/2.bp.blogspot.com\/_DSKVEvHtskc\/S3BnbyC0uqI\/AAAAAAAAGJ4\/NBRPoCdCoIU\/s400\/samba+80+P.JPG\" \/><\/a>Ol\u00e1 amigos cultos e ocultos! Como informei ontem, nesta semana s\u00f3 vamos ter &#8216;as boas&#8217;. Apenas n\u00e3o decidi ainda se ser\u00e3o as mo\u00e7as das capas ou as m\u00fasicas de carnaval. Por via de d\u00favidas, vou mantendo as duas \ud83d\ude09<br \/>Olhem s\u00f3 que beleza&#8230; quer dizer, olhem s\u00f3 que colet\u00e2nea boa, muito bem recheada. N\u00e3o \u00e9 extamente carnavalesca, mas \u00e9 autenticamente de samba e carnaval \u00e9 muito samba, n\u00e9 n\u00e3o? Pois \u00e9, temos aqui este \u00e1lbum promocional, uma produ\u00e7\u00e3o RCA, reunindo um pouco da sua safra de sambas para o ano de 80. Apreciem com modera\u00e7\u00e3o. Amanh\u00e3 tem mais \ud83d\ude09<\/p>\n<div align=\"center\">beth carvalho &#8211; pedi ao c\u00e9u<\/div>\n<div align=\"center\">conjunto samba som sete &#8211; sonho sonhado<\/div>\n<div align=\"center\">jo\u00e3o bosco &#8211; sudoeste<\/div>\n<div align=\"center\">tom, miucha e chico &#8211; turma do funil <\/div>\n<div align=\"center\">aparecida &#8211; ela mandou<\/div>\n<div align=\"center\">originais do samba &#8211; cad\u00ea maria<\/div>\n<div align=\"center\">martinho da vila &#8211; no embalo da vida<\/div>\n<div align=\"center\">joana &#8211; diga a\u00ed<\/div>\n<div align=\"center\">antonio carlos e jocafi &#8211; ro\u00e7a errada<\/div>\n<div align=\"center\">eliana pittman &#8211; len\u00e7o branco<\/div>\n<div align=\"center\">luiz am\u00e9rico &#8211; desabafar<\/div>\n<div align=\"center\">os batuqueiros &#8211; o galo da vov\u00f3<\/div>\n<div align=\"center\"><\/div>\n<div align=\"center\"><\/div>\n","protected":false},"excerpt":{"rendered":"<p>Ol\u00e1 amigos cultos e ocultos! Como informei ontem, nesta semana s\u00f3 vamos ter &#8216;as boas&#8217;. Apenas n\u00e3o decidi ainda se ser\u00e3o as mo\u00e7as das capas ou as m\u00fasicas de carnaval. Por via de d\u00favidas, vou mantendo as duas \ud83d\ude09Olhem s\u00f3 &hellip; <a href=\"https:\/\/www.toque-musicall.com\/?p=939\">Continue lendo <span class=\"meta-nav\">&rarr;<\/span><\/a><\/p>\n","protected":false},"author":1,"featured_media":0,"comment_status":"open","ping_status":"closed","sticky":false,"template":"","format":"standard","meta":{"footnotes":""},"categories":[1250,135,1255,1251,788,1252,134,1253,859,1248,1254,1249],"tags":[],"class_list":["post-939","post","type-post","status-publish","format-standard","hentry","category-antonio-carlos-e-jocafi","category-antonio-carlos-jobim","category-aparecida","category-beth-carvalho","category-eliana-pittman","category-joana","category-joao-bosco","category-luiz-americo","category-miucha","category-os-batuqueiros","category-os-originais-do-samba","category-samba-som-sete"],"_links":{"self":[{"href":"https:\/\/www.toque-musicall.com\/index.php?rest_route=\/wp\/v2\/posts\/939","targetHints":{"allow":["GET"]}}],"collection":[{"href":"https:\/\/www.toque-musicall.com\/index.php?rest_route=\/wp\/v2\/posts"}],"about":[{"href":"https:\/\/www.toque-musicall.com\/index.php?rest_route=\/wp\/v2\/types\/post"}],"author":[{"embeddable":true,"href":"https:\/\/www.toque-musicall.com\/index.php?rest_route=\/wp\/v2\/users\/1"}],"replies":[{"embeddable":true,"href":"https:\/\/www.toque-musicall.com\/index.php?rest_route=%2Fwp%2Fv2%2Fcomments&post=939"}],"version-history":[{"count":0,"href":"https:\/\/www.toque-musicall.com\/index.php?rest_route=\/wp\/v2\/posts\/939\/revisions"}],"wp:attachment":[{"href":"https:\/\/www.toque-musicall.com\/index.php?rest_route=%2Fwp%2Fv2%2Fmedia&parent=939"}],"wp:term":[{"taxonomy":"category","embeddable":true,"href":"https:\/\/www.toque-musicall.com\/index.php?rest_route=%2Fwp%2Fv2%2Fcategories&post=939"},{"taxonomy":"post_tag","embeddable":true,"href":"https:\/\/www.toque-musicall.com\/index.php?rest_route=%2Fwp%2Fv2%2Ftags&post=939"}],"curies":[{"name":"wp","href":"https:\/\/api.w.org\/{rel}","templated":true}]}}