{"id":9393,"date":"2022-05-13T13:08:00","date_gmt":"2022-05-13T16:08:00","guid":{"rendered":"https:\/\/www.toque-musicall.com\/?p=9393"},"modified":"2022-05-15T13:09:57","modified_gmt":"2022-05-15T16:09:57","slug":"vanja-orico-a-volta-de-vanja-orico-1967","status":"publish","type":"post","link":"https:\/\/www.toque-musicall.com\/?p=9393","title":{"rendered":"Vanja Orico &#8211; A Volta De Vanja Orico (1967)"},"content":{"rendered":"\n<figure class=\"wp-block-image size-large\"><img decoding=\"async\" src=\"https:\/\/blogger.googleusercontent.com\/img\/b\/R29vZ2xl\/AVvXsEgx618TglyjXgHyhyNKDsc62JyX44VOYN0mRXqi6uGGDeefawq7OU_Vy_jZLGxiDI9pk6AF9PP4-Kaw0JS87aVO1TCqCbib-2d7eHeEuRuG1wvHfaP4uFLRtmCisu0mU0z5oj_Sc0EQF-MXawUaAEQ2ZaYsm9XTs17tC306OVN6E9HVQ1LkT6GF05_vzg\/w640-h628\/Capturar.JPG\" alt=\"\"\/><\/figure>\n\n\n\n<figure class=\"wp-block-image size-large\"><img decoding=\"async\" src=\"https:\/\/blogger.googleusercontent.com\/img\/b\/R29vZ2xl\/AVvXsEiv2u7QVKngkvAbZ7ZqIjoGFqgdjQhGT58bexgQf20stfouO5QFU0mUgusiQLoyCGrn6df0gKVzd3GqU4-D7xx6MWEMjUye2N2ek6e6sUBKie1lxvwie1ljbNa15UOIa_2F1Yszg4sarurAo2WA8ppyz2Eyu8h3i1pWeCS6iet3gBlgy0tpLycFpJ-XJA\/w640-h618\/Capturarb.JPG\" alt=\"\"\/><\/figure>\n\n\n<div class=\"separator\">Ol\u00e1, amigos cultos e ocultos! Em tempos como os que estamos vivendo, em especial o momento pol\u00edtico, onde militares (as For\u00e7as Armadas), se vendem por leite condensado e viagra, pela manuten\u00e7\u00e3o das mamatas que sempre tiveram, em troca de se sujeitarem a ser comandados por um capit\u00e3ozinho louco, insubordinado e que chegou a ser expulso da corpora\u00e7\u00e3o. Tempos vergonhosos para as fardas militares que mais uma vez se sujam, se sujeitam a serem comandados por um cr\u00e1pula e sua fam\u00edlia de milicianos. Triste momento para o Brasil. E mais triste ainda \u00e9 perceber o quanto este nosso povo \u00e9 tosco, rude, mal informado e mal educado, burro, mas essencialmente pretencioso. Triste ver que uma boa parcela desse povo sofrido ainda n\u00e3o tenha conseguindo ver quem realmente \u00e9 seu opressor. Gente com mem\u00f3ria fraca, gente que ignora seu pr\u00f3prio c\u00e2ncer e acha gra\u00e7a da dor que sente no seu pr\u00f3prio est\u00f4mago. Em momentos como este, de ataques a Democracia, ao Congresso e a Justi\u00e7a em nome de um radicalismo de direita que assola o pa\u00eds, a gente as vezes precisa lembrar os fatos do passado, trazer de volta nossa luta por liberdade, palavra que hoje caiu na boca dessa gente de forma errada. Seria ir\u00f4nico se n\u00e3o fosse tr\u00e1gico ver essas &#8216;tosqueiras&#8217; pedindo liberdade de express\u00e3o e ao mesmo tempo ditadura militar.\u00a0<\/div>\n<div class=\"separator\">Estou fazendo esta introdu\u00e7\u00e3o porque de certa forma ela tem a ver com Vanja Orico. Cantora, atriz e cineasta, surgiu no cen\u00e1rio art\u00edstico cantando o tema &#8216;Mulher rendeira&#8221; no filme &#8220;O Cangaceiro&#8221;. Foi uma artista internacional, mas sempre valorizou a cultura nacional e por ela esteve sempre a frente defendendo o que \u00e9 nosso. Inclusive, h\u00e1 de se lembrar, em 1968, em plena ditadura, no dia 07 de novembro Vanja, em protesto se ajoelhou na rua, impedindo a passagem de um comboio militar que ia de encontro a manifestantes que carregavam o corpo de um estudante assassinado pela repress\u00e3o. Uma cena triste de se ver e que boa parte dessa gente burra e sem no\u00e7\u00e3o, talvez n\u00e3o fa\u00e7am a m\u00ednima ideia do que foi e do que simbolizou aquele momento. Essa era uma das facetas dessa mulher incr\u00edvel, a qual j\u00e1 falamos e postamos v\u00e1rios outros discos. Agora trazemos para voc\u00eas este lp, lan\u00e7ado em 1967, pela Chantecler. &#8220;A volta de Vanja Orico&#8221;, como o pr\u00f3prio t\u00edtulo afirma, marca o retorno da artista ao Brasil. Neste lp ela canta um repert\u00f3rio cheio de cl\u00e1ssicos, um disco maravilhoso de se ouvir, com m\u00fasicas de Fernando Lona, Geraldo Vandr\u00e9, Chico Buarque, Gil e Torquato Neto, Catulo de Paula, Paulinho Nogueira, Tom e Vin\u00edcius, Nonato Buzar e Carlos Imperial. Por a\u00ed j\u00e1 d\u00e1 para se ter uma ideia do quanto este disco \u00e9 legal. Confiram no GTM&#8230;<\/div>\n<div class=\"separator\">\u00a0<\/div>\n<div class=\"separator\">v\u00ea<\/div>\n<div class=\"separator\">cantilena<\/div>\n<div class=\"separator\">contracanto<\/div>\n<div class=\"separator\">\u00e9 ou n\u00e3o \u00e9<\/div>\n<div class=\"separator\">andam dizendo<\/div>\n<div class=\"separator\">mul\u00e9 rendeira<\/div>\n<div class=\"separator\">casa de pau po pa<\/div>\n<div class=\"separator\">a banda<\/div>\n<div class=\"separator\">minha zabel\u00ea<\/div>\n<div class=\"separator\">a lua girou<\/div>\n<div class=\"separator\">depois do amor<\/div>\n<div class=\"separator\">samba de protesto<\/div>\n<div class=\"separator\">\u00a0<\/div>\n<div class=\"separator\">\u00a0<\/div>\n<div class=\"separator\">.<\/div>","protected":false},"excerpt":{"rendered":"<p>Ol\u00e1, amigos cultos e ocultos! Em tempos como os que estamos vivendo, em especial o momento pol\u00edtico, onde militares (as For\u00e7as Armadas), se vendem por leite condensado e viagra, pela manuten\u00e7\u00e3o das mamatas que sempre tiveram, em troca de se &hellip; <a href=\"https:\/\/www.toque-musicall.com\/?p=9393\">Continue lendo <span class=\"meta-nav\">&rarr;<\/span><\/a><\/p>\n","protected":false},"author":1,"featured_media":0,"comment_status":"closed","ping_status":"closed","sticky":false,"template":"","format":"standard","meta":{"footnotes":""},"categories":[1],"tags":[3073,3599],"class_list":["post-9393","post","type-post","status-publish","format-standard","hentry","category-sem-categoria","tag-selo-chantecler","tag-vanja-orico"],"_links":{"self":[{"href":"https:\/\/www.toque-musicall.com\/index.php?rest_route=\/wp\/v2\/posts\/9393","targetHints":{"allow":["GET"]}}],"collection":[{"href":"https:\/\/www.toque-musicall.com\/index.php?rest_route=\/wp\/v2\/posts"}],"about":[{"href":"https:\/\/www.toque-musicall.com\/index.php?rest_route=\/wp\/v2\/types\/post"}],"author":[{"embeddable":true,"href":"https:\/\/www.toque-musicall.com\/index.php?rest_route=\/wp\/v2\/users\/1"}],"replies":[{"embeddable":true,"href":"https:\/\/www.toque-musicall.com\/index.php?rest_route=%2Fwp%2Fv2%2Fcomments&post=9393"}],"version-history":[{"count":1,"href":"https:\/\/www.toque-musicall.com\/index.php?rest_route=\/wp\/v2\/posts\/9393\/revisions"}],"predecessor-version":[{"id":9394,"href":"https:\/\/www.toque-musicall.com\/index.php?rest_route=\/wp\/v2\/posts\/9393\/revisions\/9394"}],"wp:attachment":[{"href":"https:\/\/www.toque-musicall.com\/index.php?rest_route=%2Fwp%2Fv2%2Fmedia&parent=9393"}],"wp:term":[{"taxonomy":"category","embeddable":true,"href":"https:\/\/www.toque-musicall.com\/index.php?rest_route=%2Fwp%2Fv2%2Fcategories&post=9393"},{"taxonomy":"post_tag","embeddable":true,"href":"https:\/\/www.toque-musicall.com\/index.php?rest_route=%2Fwp%2Fv2%2Ftags&post=9393"}],"curies":[{"name":"wp","href":"https:\/\/api.w.org\/{rel}","templated":true}]}}