{"id":940,"date":"2010-02-07T17:01:00","date_gmt":"2010-02-07T17:01:00","guid":{"rendered":"http:\/\/www.toque-musicall.com\/?p=940"},"modified":"2010-02-07T17:01:00","modified_gmt":"2010-02-07T17:01:00","slug":"emilinha-borba-e-jorge-goulart-oh-as-marchinhas-1981","status":"publish","type":"post","link":"https:\/\/www.toque-musicall.com\/?p=940","title":{"rendered":"Emilinha Borba E Jorge Goulart &#8211; Oh! As Marchinhas (1981)"},"content":{"rendered":"<p><a href=\"http:\/\/4.bp.blogspot.com\/_DSKVEvHtskc\/S27yGGfX-OI\/AAAAAAAAGJs\/WxXafV8uY8k\/s1600-h\/emilinha+e+jorge+P.JPG\"><img decoding=\"async\" style=\"TEXT-ALIGN: center; MARGIN: 0px auto 10px; WIDTH: 400px; DISPLAY: block; HEIGHT: 400px; CURSOR: hand\" id=\"BLOGGER_PHOTO_ID_5435547986918111458\" border=\"0\" alt=\"\" src=\"http:\/\/4.bp.blogspot.com\/_DSKVEvHtskc\/S27yGGfX-OI\/AAAAAAAAGJs\/WxXafV8uY8k\/s400\/emilinha+e+jorge+P.JPG\" \/><\/a>Ol\u00e1 amigos cultos e ocultos! Nosso domingo come\u00e7a quente, antecipando o Carnaval que j\u00e1 vem chegando. Como \u00e9 do conhecimento dos frequentadores e j\u00e1 esclarecendo aos novos visitantes, o que n\u00e3o falta aqui \u00e9 disco e m\u00fasicas de carnaval. Se voc\u00ea est\u00e1 pensando em reviver momentos de pura folia, entrou no lugar certo. Para a sua consulta, sugiro que pesquise em nosso index por nomes em ordem alfab\u00e9tica, na barra lateral direita. Consultar pela barra de pesquisa do Blogger n\u00e3o adianta, algum sacana mudou a tempos atr\u00e1s as diretrizes do html no intuito de sabotar o Toque Musical. Como eu n\u00e3o sei resolver esse problema, adotei o index por nome de artista, assim temos uma outra alternativa para consultar o que j\u00e1 foi postado aqui. A lista vem crescendo a cada dia. Vai chegar uma hora em que eu terei que tomar alguma outra provid\u00eancia. Por isso eu sugiro, inclusive, \u00e0queles que ainda n\u00e3o se colocaram como seguidores do TM que o fa\u00e7a. Dessa forma n\u00e3o ir\u00e3o perder nada do que temos postado aqui diariamente. Como eu disse, o Carnaval est\u00e1 chegando a\u00ed e aqui voc\u00ea encontra tudo, inclusive o frevo e coisas do carnaval baiano. Por essas e por outras \u00e9 que neste ano eu vou fazer diferente. Para a pr\u00f3xima semana (tem\u00e1tica) s\u00f3 vai dar as &#8216;boas&#8217;.<br \/>Abrindo o nosso grito de carnaval, temos para hoje um disquinho sensacional (at\u00e9 rimou!). Vamos com Emilinha Borba e seu parceiro Jorge Goulart, desfilando as mais famosas marchinhas carnavalescas de todos os tempos. Um disco o qual podemos chamar de b\u00e1sico para os quatro dias de folia. Pode at\u00e9 ser que o Carnaval j\u00e1 n\u00e3o tenha mais o mesmo encanto daqueles que eram embalados por essas m\u00fasicas. Mas elas ser\u00e3o eternas, independente do que hoje virou aquela festa inventada pelo diabo, mas que Deus aben\u00e7oou. (o diabo antes tinha bom gosto)<\/p>\n<div align=\"center\">raminho de caf\u00e9<\/div>\n<div align=\"center\">joga a chave meu amor<\/div>\n<div align=\"center\">israel<\/div>\n<div align=\"center\">colombina y\u00ea-y\u00ea-y\u00ea<\/div>\n<div align=\"center\">cabeleira do zez\u00e9<\/div>\n<div align=\"center\">mulata y\u00ea-y\u00ea-y\u00ea<\/div>\n<div align=\"center\">as pastorinhas<\/div>\n<div align=\"center\">rancho da pra\u00e7a onze<\/div>\n<div align=\"center\">hist\u00f3ria do brasil<\/div>\n<div align=\"center\">touradas em madrid<\/div>\n<div align=\"center\">pirata da perna de pau<\/div>\n<div align=\"center\">pirulito<\/div>\n<div align=\"center\">tem gato na tuba<\/div>\n<div align=\"center\">lourinha<\/div>\n<div align=\"center\">yes, n\u00f3s temos banana<\/div>\n<div align=\"center\">chiquita bacana<\/div>\n<div align=\"center\">a \u00e1gua lava tudo<\/div>\n<div align=\"center\">vai com jeito<\/div>\n<div align=\"center\">p\u00f3 de mico<\/div>\n<div align=\"center\">tomara que chova<\/div>\n<div align=\"center\">marcha do remador<\/div>\n<div align=\"center\">passarinho do rel\u00f3gio<\/div>\n<div align=\"center\">o passo do cangur\u00fa<\/div>\n<div align=\"center\">miau&#8230; miau<\/div>\n<div align=\"center\">\u00edndio quer apito<\/div>\n<div align=\"center\">o teu cabelo n\u00e3o nega<\/div>\n<div align=\"center\">grau 10<\/div>\n<div align=\"center\">linda morena<\/div>\n<div align=\"center\">z\u00e9 pereira<\/div>\n<div align=\"center\">o abre alas<\/div>\n<div align=\"center\">o p\u00e9 de anjo<\/div>\n<div align=\"center\">balzaqueana<\/div>\n<div align=\"center\"><\/div>\n<div align=\"center\"><\/div>\n","protected":false},"excerpt":{"rendered":"<p>Ol\u00e1 amigos cultos e ocultos! Nosso domingo come\u00e7a quente, antecipando o Carnaval que j\u00e1 vem chegando. Como \u00e9 do conhecimento dos frequentadores e j\u00e1 esclarecendo aos novos visitantes, o que n\u00e3o falta aqui \u00e9 disco e m\u00fasicas de carnaval. Se &hellip; <a href=\"https:\/\/www.toque-musicall.com\/?p=940\">Continue lendo <span class=\"meta-nav\">&rarr;<\/span><\/a><\/p>\n","protected":false},"author":1,"featured_media":0,"comment_status":"open","ping_status":"closed","sticky":false,"template":"","format":"standard","meta":{"footnotes":""},"categories":[263,725,84],"tags":[],"class_list":["post-940","post","type-post","status-publish","format-standard","hentry","category-carnaval","category-emilinha-borba","category-jorge-goulart"],"_links":{"self":[{"href":"https:\/\/www.toque-musicall.com\/index.php?rest_route=\/wp\/v2\/posts\/940","targetHints":{"allow":["GET"]}}],"collection":[{"href":"https:\/\/www.toque-musicall.com\/index.php?rest_route=\/wp\/v2\/posts"}],"about":[{"href":"https:\/\/www.toque-musicall.com\/index.php?rest_route=\/wp\/v2\/types\/post"}],"author":[{"embeddable":true,"href":"https:\/\/www.toque-musicall.com\/index.php?rest_route=\/wp\/v2\/users\/1"}],"replies":[{"embeddable":true,"href":"https:\/\/www.toque-musicall.com\/index.php?rest_route=%2Fwp%2Fv2%2Fcomments&post=940"}],"version-history":[{"count":0,"href":"https:\/\/www.toque-musicall.com\/index.php?rest_route=\/wp\/v2\/posts\/940\/revisions"}],"wp:attachment":[{"href":"https:\/\/www.toque-musicall.com\/index.php?rest_route=%2Fwp%2Fv2%2Fmedia&parent=940"}],"wp:term":[{"taxonomy":"category","embeddable":true,"href":"https:\/\/www.toque-musicall.com\/index.php?rest_route=%2Fwp%2Fv2%2Fcategories&post=940"},{"taxonomy":"post_tag","embeddable":true,"href":"https:\/\/www.toque-musicall.com\/index.php?rest_route=%2Fwp%2Fv2%2Ftags&post=940"}],"curies":[{"name":"wp","href":"https:\/\/api.w.org\/{rel}","templated":true}]}}