{"id":9401,"date":"2022-05-16T21:53:33","date_gmt":"2022-05-17T00:53:33","guid":{"rendered":"https:\/\/www.toque-musicall.com\/?p=9401"},"modified":"2022-05-16T21:53:33","modified_gmt":"2022-05-17T00:53:33","slug":"banda-do-corpo-de-fuzileiros-navais-1958","status":"publish","type":"post","link":"https:\/\/www.toque-musicall.com\/?p=9401","title":{"rendered":"Banda Do Corpo De Fuzileiros Navais (1958)"},"content":{"rendered":"\n<figure class=\"wp-block-image size-large\"><img decoding=\"async\" src=\"https:\/\/blogger.googleusercontent.com\/img\/b\/R29vZ2xl\/AVvXsEj6wkwi57HTy-UemptsnIZVpHoHpXsXu-4oRP0LPqf-4LWZWWNT7qlMXCDGEb2qh3NASQElp_wflbLgGpn5k2D3lYUcDmo1-UhuKa31PE2LhDUJGj1Ll2ZG4ukBFd3DRXFyYvcBvu2c4Zx9jYub0GLl3zO3vUpchM_Caw9Hfs5x8kQhwIw7-3oUn-Pl_g\/w630-h640\/Capturarf.JPG\" alt=\"\"\/><\/figure>\n\n\n\n<figure class=\"wp-block-image size-large\"><img decoding=\"async\" src=\"https:\/\/blogger.googleusercontent.com\/img\/b\/R29vZ2xl\/AVvXsEi5PBZBQSx44O6H2jey-FeBg2rjj9TW1s9kQZb6OOYFIG7FfO3GET9lwNPIkbGZSdDyu8dh2YWSJmvcolr29jXczrRSuhIuEzImnRczdH6MhrqfObdyjIGaI8ua9xMt_IF8ZcJZ5XZc5CgZdjujtAt9rnkB3zXwD8GXdxY7iYv8472O6LKtQeCHC0VtMw\/w640-h632\/Capturarb.JPG\" alt=\"\"\/><\/figure>\n\n\n<div class=\"separator\">Boa noite, meus camaradinhas cultos e ocultos! Como dizem e como j\u00e1 disse outras vezes, toda araruta tem seu dia de mingau. Hoje resolvi postar este lp aqui de marchas militares, lan\u00e7ado em 1958, pelo selo R\u00e1dio. Me recordo bem dessas m\u00fasicas e por certo muitos de voc\u00eas tamb\u00e9m. afinal esses eram os hits de um Brasil da ditadura, dos tempos de chumbo. Na escola onde eu estudava, o sinais de entrada e de sa\u00edda eram sempre essas marchas. Se ouvia isso todos os dias, era um saco. Nunca pensei que viria uma hora a postar esse g\u00eanero musical, ainda mais nos tempos de hoje, onde cada vez mais tomamos antipatia por essa rainha da mamatas, a qual chamamos de For\u00e7as Armadas. Fica dif\u00edcil desassociar&#8230; Por\u00e9m e todavia, seria uma injusti\u00e7a da minha parte condenar o que de menos ruim h\u00e1 nessa coisa&#8230; que pelo menos a m\u00fasica os salve e lhes d\u00ea sensibilidade&#8230;<\/div>\n<div class=\"separator\">\u00a0<\/div>\n<div class=\"separator\">salve fuzileiros<\/div>\n<div class=\"separator\">velhos camaradas<\/div>\n<div class=\"separator\">bandeira americana<\/div>\n<div class=\"separator\">sambre et meuse<\/div>\n<div class=\"separator\">quand madelon<\/div>\n<div class=\"separator\">cisne branco<\/div>\n<div class=\"separator\">batista de mello<\/div>\n<div class=\"separator\">bar\u00e3o do rio branco<\/div>\n<div class=\"separator\">na vanguarda<\/div>\n<div class=\"separator\">alvorada<\/div>\n<div class=\"separator\">\u00a0<\/div>\n<div class=\"separator\">\u00a0<\/div>","protected":false},"excerpt":{"rendered":"<p>Boa noite, meus camaradinhas cultos e ocultos! Como dizem e como j\u00e1 disse outras vezes, toda araruta tem seu dia de mingau. Hoje resolvi postar este lp aqui de marchas militares, lan\u00e7ado em 1958, pelo selo R\u00e1dio. Me recordo bem &hellip; <a href=\"https:\/\/www.toque-musicall.com\/?p=9401\">Continue lendo <span class=\"meta-nav\">&rarr;<\/span><\/a><\/p>\n","protected":false},"author":1,"featured_media":0,"comment_status":"closed","ping_status":"closed","sticky":false,"template":"","format":"standard","meta":{"footnotes":""},"categories":[5088],"tags":[5089,3495],"class_list":["post-9401","post","type-post","status-publish","format-standard","hentry","category-banda-do-corpo-de-fuzileiros-navais","tag-banda-do-corpo-de-fuzileiros-navais","tag-selo-radio-3"],"_links":{"self":[{"href":"https:\/\/www.toque-musicall.com\/index.php?rest_route=\/wp\/v2\/posts\/9401","targetHints":{"allow":["GET"]}}],"collection":[{"href":"https:\/\/www.toque-musicall.com\/index.php?rest_route=\/wp\/v2\/posts"}],"about":[{"href":"https:\/\/www.toque-musicall.com\/index.php?rest_route=\/wp\/v2\/types\/post"}],"author":[{"embeddable":true,"href":"https:\/\/www.toque-musicall.com\/index.php?rest_route=\/wp\/v2\/users\/1"}],"replies":[{"embeddable":true,"href":"https:\/\/www.toque-musicall.com\/index.php?rest_route=%2Fwp%2Fv2%2Fcomments&post=9401"}],"version-history":[{"count":1,"href":"https:\/\/www.toque-musicall.com\/index.php?rest_route=\/wp\/v2\/posts\/9401\/revisions"}],"predecessor-version":[{"id":9402,"href":"https:\/\/www.toque-musicall.com\/index.php?rest_route=\/wp\/v2\/posts\/9401\/revisions\/9402"}],"wp:attachment":[{"href":"https:\/\/www.toque-musicall.com\/index.php?rest_route=%2Fwp%2Fv2%2Fmedia&parent=9401"}],"wp:term":[{"taxonomy":"category","embeddable":true,"href":"https:\/\/www.toque-musicall.com\/index.php?rest_route=%2Fwp%2Fv2%2Fcategories&post=9401"},{"taxonomy":"post_tag","embeddable":true,"href":"https:\/\/www.toque-musicall.com\/index.php?rest_route=%2Fwp%2Fv2%2Ftags&post=9401"}],"curies":[{"name":"wp","href":"https:\/\/api.w.org\/{rel}","templated":true}]}}