{"id":941,"date":"2010-02-06T08:53:00","date_gmt":"2010-02-06T08:53:00","guid":{"rendered":"http:\/\/www.toque-musicall.com\/?p=941"},"modified":"2010-02-06T08:53:00","modified_gmt":"2010-02-06T08:53:00","slug":"os-demonios-da-garoa-oi-nois-aqui-tra-veis-1969","status":"publish","type":"post","link":"https:\/\/www.toque-musicall.com\/?p=941","title":{"rendered":"Os Dem\u00f4nios Da Garoa &#8211; \u00d3i N\u00f3is Aqui Tra Veis (1969)"},"content":{"rendered":"<p><a href=\"http:\/\/3.bp.blogspot.com\/_DSKVEvHtskc\/S233KjIRaYI\/AAAAAAAAGJg\/TASSl6EOlQI\/s1600-h\/os+demonios+da+garoaP.JPG\"><img decoding=\"async\" alt=\"\" border=\"0\" id=\"BLOGGER_PHOTO_ID_5435272085906745730\" src=\"http:\/\/3.bp.blogspot.com\/_DSKVEvHtskc\/S233KjIRaYI\/AAAAAAAAGJg\/TASSl6EOlQI\/s400\/os+demonios+da+garoaP.JPG\" style=\"cursor: hand; display: block; height: 400px; margin: 0px auto 10px; text-align: center; width: 396px;\" \/><\/a> Eu sei que ningu\u00e9m pediu, &#8216;mas \u00f3ia eles aqui tra veis&#8217;. Claro que estamos falando desse maravilhoso grupo vocal, Os Dem\u00f4nios da Garoa. Com este \u00e1lbum vamos para o terceiro do grupo postado no Toque Musical. E como sempre buscando os mais raros, tendo eles custado um ou mil reais. O importante aqui \u00e9 como eu sempre digo, ouvir com outros olhos. \u00c9 dentro dessa teoria aparentemente absurda que eu procuro demonstrar que tudo pode ter um lado interessante. Tem gente que n\u00e3o pensa assim, mas \u00e0 essas pessoas, quando se manifestam com suas &#8216;crititicas&#8217; e insultos, eu incorporo o personagem mais lembrado dos sete mares, coloco o tapa olho e ponho elas para andar na prancha. Pega tubar\u00e3o! hehehe&#8230; Sei que a maioria n\u00e3o deve estar entendendo nada dessa conversa e nem precisa, afinal ela j\u00e1 tem um endere\u00e7o certo. Melhor voltarmos \u00e0 m\u00fasica, aos Dem\u00f4nios da Garoa.<br \/>Temos aqui um \u00e1lbum lan\u00e7ado em 1969. Um disco com todos os ingredientes que fizeram deste grupo um dos mais queridos e alegres do Brasil. Tem Noel e Adoniran, outros paulistas e tamb\u00e9m sambistas. Um lp que contempla humor, alegria, samba e futebol. Podemos quase dizer que se trata de uma homenagem ao Corinthians. A m\u00fasica que d\u00e1 nome ao disco foi criada por um corintiano, Geraldo Blota, em parceria com Joseval Peixoto. Em 2008 a m\u00fasica foi usada exatamente para isso, homenagear o Corinthians pelo seu retorno triunfal. &#8220;Tim\u00e3o&#8221; tamb\u00e9m \u00e9 outra a qual est\u00e1 mais do que na cara, feita por Samuel Andrade e Paulo Gallo. Agora, aqui para mim, acho que &#8220;Time perna de pau&#8221;, de Vicente Amar, foi feita para outra equipe da massa, o meu velho e surrado Galo. \u00cata que essa m\u00fasica vem servindo de trilha perfeita para o Atl\u00e9tico Mineiro! Mas n\u00f3is aqui tamb\u00e9m num disisti&#8230; Sofremos, mas n\u00e3o desistimos! H\u00e1 de chegar o dia em que tamb\u00e9m cantaremos &#8220;\u00d3i n\u00f3is aqui tra veis&#8221;, uai! (e por favor, sem goza\u00e7\u00e3o!) Como sempre digo, perco a no\u00e7\u00e3o, mas n\u00e3o perco a piada (ou algo assim).<br \/>Deixemos os partidarismo esportivo e partamos ao comunismo musical (ou algo assim). Ups!<\/p>\n<div align=\"center\">felicidade<\/div>\n<div align=\"center\">time perna de pau<\/div>\n<div align=\"center\">\u00f3i n\u00f3is aqui tra veis<\/div>\n<div align=\"center\">mulher, patr\u00e3o e cacha\u00e7a<\/div>\n<div align=\"center\">vim te ver<\/div>\n<div align=\"center\">maxi mini saia<\/div>\n<div align=\"center\">vila esperan\u00e7a<\/div>\n<div align=\"center\">n\u00e3o quero entrar<\/div>\n<div align=\"center\">voc\u00ea passa eu acho gra\u00e7a<\/div>\n<div align=\"center\">tim\u00e3o<\/div>\n<div align=\"center\">estou ficando louco<\/div>\n<div align=\"center\">sele\u00e7\u00e3o de sambas <\/p>\n<\/div>\n<div align=\"center\"><\/div>\n<div align=\"center\"><\/div>\n","protected":false},"excerpt":{"rendered":"<p>Eu sei que ningu\u00e9m pediu, &#8216;mas \u00f3ia eles aqui tra veis&#8217;. Claro que estamos falando desse maravilhoso grupo vocal, Os Dem\u00f4nios da Garoa. Com este \u00e1lbum vamos para o terceiro do grupo postado no Toque Musical. E como sempre buscando &hellip; <a href=\"https:\/\/www.toque-musicall.com\/?p=941\">Continue lendo <span class=\"meta-nav\">&rarr;<\/span><\/a><\/p>\n","protected":false},"author":1,"featured_media":0,"comment_status":"open","ping_status":"closed","sticky":false,"template":"","format":"standard","meta":{"footnotes":""},"categories":[1256,217],"tags":[],"class_list":["post-941","post","type-post","status-publish","format-standard","hentry","category-os-demonios-da-garoa","category-selo-chantecler"],"_links":{"self":[{"href":"https:\/\/www.toque-musicall.com\/index.php?rest_route=\/wp\/v2\/posts\/941","targetHints":{"allow":["GET"]}}],"collection":[{"href":"https:\/\/www.toque-musicall.com\/index.php?rest_route=\/wp\/v2\/posts"}],"about":[{"href":"https:\/\/www.toque-musicall.com\/index.php?rest_route=\/wp\/v2\/types\/post"}],"author":[{"embeddable":true,"href":"https:\/\/www.toque-musicall.com\/index.php?rest_route=\/wp\/v2\/users\/1"}],"replies":[{"embeddable":true,"href":"https:\/\/www.toque-musicall.com\/index.php?rest_route=%2Fwp%2Fv2%2Fcomments&post=941"}],"version-history":[{"count":0,"href":"https:\/\/www.toque-musicall.com\/index.php?rest_route=\/wp\/v2\/posts\/941\/revisions"}],"wp:attachment":[{"href":"https:\/\/www.toque-musicall.com\/index.php?rest_route=%2Fwp%2Fv2%2Fmedia&parent=941"}],"wp:term":[{"taxonomy":"category","embeddable":true,"href":"https:\/\/www.toque-musicall.com\/index.php?rest_route=%2Fwp%2Fv2%2Fcategories&post=941"},{"taxonomy":"post_tag","embeddable":true,"href":"https:\/\/www.toque-musicall.com\/index.php?rest_route=%2Fwp%2Fv2%2Ftags&post=941"}],"curies":[{"name":"wp","href":"https:\/\/api.w.org\/{rel}","templated":true}]}}