{"id":943,"date":"2010-02-04T21:50:00","date_gmt":"2010-02-04T21:50:00","guid":{"rendered":"http:\/\/www.toque-musicall.com\/?p=943"},"modified":"2010-02-04T21:50:00","modified_gmt":"2010-02-04T21:50:00","slug":"walter-barbedo-e-seu-conjunto-deixe-de-lado-a-tristeza-1958","status":"publish","type":"post","link":"https:\/\/www.toque-musicall.com\/?p=943","title":{"rendered":"Walter Barbedo E Seu Conjunto &#8211; Deixe De Lado A Tristeza (1958)"},"content":{"rendered":"<p><a href=\"http:\/\/1.bp.blogspot.com\/_DSKVEvHtskc\/S2tBwsXNuWI\/AAAAAAAAGJI\/9PRL8LU5NWA\/s1600-h\/Walter+Barbedo+P.JPG\"><img decoding=\"async\" style=\"TEXT-ALIGN: center; MARGIN: 0px auto 10px; WIDTH: 400px; DISPLAY: block; HEIGHT: 400px; CURSOR: hand\" id=\"BLOGGER_PHOTO_ID_5434509680150690146\" border=\"0\" alt=\"\" src=\"http:\/\/1.bp.blogspot.com\/_DSKVEvHtskc\/S2tBwsXNuWI\/AAAAAAAAGJI\/9PRL8LU5NWA\/s400\/Walter+Barbedo+P.JPG\" \/><\/a> Ufa! Finalmente consegui um tempinho para a postagem de hoje. Achei que ficaria apenas na marca\u00e7\u00e3o do ponto, liberando o este post s\u00f3 na madrugada ou no dia seguinte. Preparei para hoje um \u00e1lbum na linha &#8216;super raros&#8217; seguindo os ensinamentos de um de nossos amigos cultos, o S\u00e9rgio. Foi ele quem me deu a dica dos &#8216;tags&#8217; e me enviou o programinha tamb\u00e9m. Confesso que ainda estou engatinhando nessas quest\u00f5es de identidade digital de arquivos. Estou mais focado nos discos, no trabalho arqueol\u00f3gico fonogr\u00e1fico e suas curiosidades. Acredito que essa inclus\u00e3o de dados complementares de identifica\u00e7\u00e3o vai acabar me tomando mais tempo. Sei n\u00e3o&#8230;<br \/>Bom, aqui est\u00e1 o disco do dia. Apresento a voc\u00eas o instrumentista, maestro e compositor Walter Barbedo. Algu\u00e9m aqui o conhece ou tem informa\u00e7\u00f5es sobre ele? Pergunto isso porque eu mesmo n\u00e3o saberia nada al\u00e9m do que temos na contracapa (que n\u00e3o informa nada) e nas pouqu\u00edssimas refer\u00eancias extraidas pela rede. Seria mais f\u00e1cil encontrar ouro nas &#8216;minas geraes&#8217;. Walter Barbelo, por incr\u00edvel que pare\u00e7a, \u00e9 hoje apenas uma cita\u00e7\u00e3o. Um nome pin\u00e7ado daqui e dali, mas somente como uma refer\u00eancia incompleta. Mesmo com pouco tempo, n\u00e3o poupei esfor\u00e7os em minha pesquisa. Infelizmente, pela web n\u00e3o h\u00e1 nada! O jeito \u00e9 apelar para os nossos &#8216;universit\u00e1rios&#8217;, como dizia o Silvio Santos. Contudo, ou melhor, com nada, s\u00f3 nos restou falar de sua m\u00fasica e do disco em si. &#8220;Deixe de lado a tristeza&#8221; \u00e9 um lp bacana, com um repert\u00f3rio bem combinado, onde predomina uma m\u00fasica dan\u00e7ante, alegre (claro!) e variada. Quase todas as faixas s\u00e3o de composi\u00e7\u00e3o pr\u00f3pria do artista, cabe tamb\u00e9m um Perez Prado com a gostosa &#8220;Patr\u00edcia&#8221; (t\u00f4 falando da m\u00fasica, viu gente?) e outra boa &#8220;Cachito&#8221;, um mambo abolerado de Consuelo Velasquez que foi sucesso na voz de Nat King Cole. Disquinho b\u00e3o, pode acreditar!<br \/>Outra curiosidade que eu chamaria a aten\u00e7\u00e3o \u00e9 a qualidade do som. Para um disco com mais de 50 anos, embora muito bem conservado, possui uma grava\u00e7\u00e3o nota 10! Segundo a Chantecler o sistema de grava\u00e7\u00e3o, conhecido como VIK, \u00e9 tecnicamente perfeito e para a \u00e9poca o &#8216;supra-sumo&#8217; da alta fidelidade. Uma inova\u00e7\u00e3o que at\u00e9 ent\u00e3o s\u00f3 se via e ouvia em discos americanos. Vamos conferir? \ud83d\ude09<\/p>\n<div align=\"center\">maxixa meu bem<\/div>\n<div align=\"center\">patr\u00edcia<\/div>\n<div align=\"center\">conversa de pist\u00f5es<\/div>\n<div align=\"center\">vo tchi cont\u00e1<\/div>\n<div align=\"center\">felicidades<\/div>\n<div align=\"center\">virado paulista<\/div>\n<div align=\"center\">paula<\/div>\n<div align=\"center\">deixe de lado a tristeza<\/div>\n<div align=\"center\">polca do darcy<\/div>\n<div align=\"center\">dona catarina<\/div>\n<div align=\"center\">cachito<\/div>\n<div align=\"center\">serenata de miados<\/div>\n<div align=\"center\"> <\/div>\n<div align=\"center\"> <\/div>\n","protected":false},"excerpt":{"rendered":"<p>Ufa! Finalmente consegui um tempinho para a postagem de hoje. Achei que ficaria apenas na marca\u00e7\u00e3o do ponto, liberando o este post s\u00f3 na madrugada ou no dia seguinte. Preparei para hoje um \u00e1lbum na linha &#8216;super raros&#8217; seguindo os &hellip; <a href=\"https:\/\/www.toque-musicall.com\/?p=943\">Continue lendo <span class=\"meta-nav\">&rarr;<\/span><\/a><\/p>\n","protected":false},"author":1,"featured_media":0,"comment_status":"open","ping_status":"closed","sticky":false,"template":"","format":"standard","meta":{"footnotes":""},"categories":[1257],"tags":[],"class_list":["post-943","post","type-post","status-publish","format-standard","hentry","category-walter-barbedo"],"_links":{"self":[{"href":"https:\/\/www.toque-musicall.com\/index.php?rest_route=\/wp\/v2\/posts\/943","targetHints":{"allow":["GET"]}}],"collection":[{"href":"https:\/\/www.toque-musicall.com\/index.php?rest_route=\/wp\/v2\/posts"}],"about":[{"href":"https:\/\/www.toque-musicall.com\/index.php?rest_route=\/wp\/v2\/types\/post"}],"author":[{"embeddable":true,"href":"https:\/\/www.toque-musicall.com\/index.php?rest_route=\/wp\/v2\/users\/1"}],"replies":[{"embeddable":true,"href":"https:\/\/www.toque-musicall.com\/index.php?rest_route=%2Fwp%2Fv2%2Fcomments&post=943"}],"version-history":[{"count":0,"href":"https:\/\/www.toque-musicall.com\/index.php?rest_route=\/wp\/v2\/posts\/943\/revisions"}],"wp:attachment":[{"href":"https:\/\/www.toque-musicall.com\/index.php?rest_route=%2Fwp%2Fv2%2Fmedia&parent=943"}],"wp:term":[{"taxonomy":"category","embeddable":true,"href":"https:\/\/www.toque-musicall.com\/index.php?rest_route=%2Fwp%2Fv2%2Fcategories&post=943"},{"taxonomy":"post_tag","embeddable":true,"href":"https:\/\/www.toque-musicall.com\/index.php?rest_route=%2Fwp%2Fv2%2Ftags&post=943"}],"curies":[{"name":"wp","href":"https:\/\/api.w.org\/{rel}","templated":true}]}}