{"id":9448,"date":"2022-06-01T23:26:00","date_gmt":"2022-06-02T02:26:00","guid":{"rendered":"https:\/\/www.toque-musicall.com\/?p=9448"},"modified":"2022-06-12T10:12:59","modified_gmt":"2022-06-12T13:12:59","slug":"sertao-em-festa-1962","status":"publish","type":"post","link":"https:\/\/www.toque-musicall.com\/?p=9448","title":{"rendered":"Sert\u00e3o Em Festa (1962)"},"content":{"rendered":"\n<figure class=\"wp-block-image size-large\"><img decoding=\"async\" src=\"https:\/\/blogger.googleusercontent.com\/img\/b\/R29vZ2xl\/AVvXsEgt3N5UulJgxygF2XIa7eFDuSyF1n6ZQTbCThWut56GNsDR-E7q5Hn8OAQ3jWwJe4ophYWVXgZsJZ8usEVDVjGBZi7QCNt430Nxv9hr0EuWN0RquPeoAdXC2E6WJack8woKtjoob0s8YWYB8srfnEXrbH0tUTCgMZ_e2d2W76vKA1kufO_sGHSSaBPEdg\/w640-h634\/Capturar.JPG\" alt=\"\"\/><\/figure>\n\n\n\n<figure class=\"wp-block-image size-large\"><img decoding=\"async\" src=\"https:\/\/blogger.googleusercontent.com\/img\/b\/R29vZ2xl\/AVvXsEgCRhdJCGwMMMIABE9Y5Qg2ktvLx0wPTiKZA8MIcNQhUsS4iTOK5Xm1ISD2ytvwjrLaKJn1aL6coPF8whxOJP-vTfK4UMOQZmbs-gYwnHUceyoVLVzcBjalkN72Gln0x-rgBT8a-_7SZO3s9UAOKUdvnvNuwbnxggMen1b6OKpYeRHhfNeHBTJl5z_ZIw\/w640-h612\/Capturarb.JPG\" alt=\"\"\/><\/figure>\n\n\n<div class=\"separator\">Bom noite, meus caros amigos cultos e ocultos! E chegamos finalmente em junho, o m\u00eas da festas populares, as festas juninas, os festejos de S\u00e3o Jo\u00e3o. E desta vez, voltando as boas pr\u00e1ticas, estou eu abrindo o m\u00eas com &#8220;Sert\u00e3o em Festa&#8221;, uma sele\u00e7\u00e3o musical pensada para animar o momento, ou pelo menos o esp\u00edrito de quem gosta de relembrar. Disco lan\u00e7ado em 1962 pelo selo Calif\u00f3rnia. Bem apropriado&#8230; e segue na contracapa as informa\u00e7\u00f5es complementares. Aproveitem e boas festas!<\/div>\n<div class=\"separator\">&nbsp;<\/div>\n<div class=\"separator\">quadrilha cabocla &#8211; perigoso<\/div>\n<div class=\"separator\">porto murtinho &#8211; irm\u00e3s souza<\/div>\n<div class=\"separator\">brotinhos de rio claro &#8211; nicola pizelli e bandinha<\/div>\n<div class=\"separator\">piracicaba &#8211; dirceu e mar\u00edlia<\/div>\n<div class=\"separator\">nen\u00ea &#8211; dorival<\/div>\n<div class=\"separator\">velho gaucho &#8211; raul da silva<\/div>\n<div class=\"separator\">espalha brasa &#8211; edevaldo<\/div>\n<div class=\"separator\">acalma cora\u00e7\u00e3o &#8211; trio vitoria<\/div>\n<div class=\"separator\">cana verde raul da silva<\/div>\n<div class=\"separator\">vem querida &#8211; trio avenida<\/div>\n<div class=\"separator\">\u00e9 melhor morrer &#8211; jangada e jangadinha<\/div>\n<div class=\"separator\">defensor da lei &#8211; jo\u00e3o mineiro e mulatinho<\/div>\n<div class=\"separator\">&nbsp;<\/div>\n<div class=\"separator\">&nbsp;<\/div>\n<div class=\"separator\">.<\/div>\n<div class=\"separator\">&nbsp;<\/div>\n<div class=\"separator\">&nbsp;<\/div>\n<div class=\"separator\">&nbsp;<\/div>","protected":false},"excerpt":{"rendered":"<p>Bom noite, meus caros amigos cultos e ocultos! E chegamos finalmente em junho, o m\u00eas da festas populares, as festas juninas, os festejos de S\u00e3o Jo\u00e3o. E desta vez, voltando as boas pr\u00e1ticas, estou eu abrindo o m\u00eas com &#8220;Sert\u00e3o &hellip; <a href=\"https:\/\/www.toque-musicall.com\/?p=9448\">Continue lendo <span class=\"meta-nav\">&rarr;<\/span><\/a><\/p>\n","protected":false},"author":1,"featured_media":0,"comment_status":"closed","ping_status":"closed","sticky":false,"template":"","format":"standard","meta":{"footnotes":""},"categories":[1,5158],"tags":[5129,5128],"class_list":["post-9448","post","type-post","status-publish","format-standard","hentry","category-sem-categoria","category-sertao-em-festa","tag-selo-california","tag-sertao-em-festa"],"_links":{"self":[{"href":"https:\/\/www.toque-musicall.com\/index.php?rest_route=\/wp\/v2\/posts\/9448","targetHints":{"allow":["GET"]}}],"collection":[{"href":"https:\/\/www.toque-musicall.com\/index.php?rest_route=\/wp\/v2\/posts"}],"about":[{"href":"https:\/\/www.toque-musicall.com\/index.php?rest_route=\/wp\/v2\/types\/post"}],"author":[{"embeddable":true,"href":"https:\/\/www.toque-musicall.com\/index.php?rest_route=\/wp\/v2\/users\/1"}],"replies":[{"embeddable":true,"href":"https:\/\/www.toque-musicall.com\/index.php?rest_route=%2Fwp%2Fv2%2Fcomments&post=9448"}],"version-history":[{"count":2,"href":"https:\/\/www.toque-musicall.com\/index.php?rest_route=\/wp\/v2\/posts\/9448\/revisions"}],"predecessor-version":[{"id":9476,"href":"https:\/\/www.toque-musicall.com\/index.php?rest_route=\/wp\/v2\/posts\/9448\/revisions\/9476"}],"wp:attachment":[{"href":"https:\/\/www.toque-musicall.com\/index.php?rest_route=%2Fwp%2Fv2%2Fmedia&parent=9448"}],"wp:term":[{"taxonomy":"category","embeddable":true,"href":"https:\/\/www.toque-musicall.com\/index.php?rest_route=%2Fwp%2Fv2%2Fcategories&post=9448"},{"taxonomy":"post_tag","embeddable":true,"href":"https:\/\/www.toque-musicall.com\/index.php?rest_route=%2Fwp%2Fv2%2Ftags&post=9448"}],"curies":[{"name":"wp","href":"https:\/\/api.w.org\/{rel}","templated":true}]}}