{"id":945,"date":"2010-02-02T08:16:00","date_gmt":"2010-02-02T08:16:00","guid":{"rendered":"http:\/\/www.toque-musicall.com\/?p=945"},"modified":"2010-02-02T08:16:00","modified_gmt":"2010-02-02T08:16:00","slug":"sambistas-da-guanabara-show-de-samba-1961","status":"publish","type":"post","link":"https:\/\/www.toque-musicall.com\/?p=945","title":{"rendered":"Sambistas Da Guanabara &#8211; Show De Samba (1961)"},"content":{"rendered":"<p><a href=\"http:\/\/3.bp.blogspot.com\/_DSKVEvHtskc\/S2foDS7g1BI\/AAAAAAAAGIc\/BPt9NoTOeIs\/s1600-h\/sambista+da+guanabara+P.JPG\"><img decoding=\"async\" style=\"TEXT-ALIGN: center; MARGIN: 0px auto 10px; WIDTH: 400px; DISPLAY: block; HEIGHT: 398px; CURSOR: hand\" id=\"BLOGGER_PHOTO_ID_5433566618764497938\" border=\"0\" alt=\"\" src=\"http:\/\/3.bp.blogspot.com\/_DSKVEvHtskc\/S2foDS7g1BI\/AAAAAAAAGIc\/BPt9NoTOeIs\/s400\/sambista+da+guanabara+P.JPG\" \/><\/a> Bom dia, amigos cultos e ocultos! Aproveitando o ar matinal, enquanto preparo o meu caf\u00e9, vou logo fazendo a postagem do dia. Para manter o n\u00edvel de excel\u00eancia musical da semana, estou trazendo um disco que \u00e9 pura emo\u00e7\u00e3o. Um disco de samba instrumental, ou seria de samba orquestrado? N\u00e3o importa, o que vale \u00e9 a qualidade. \u00c9 mesmo um show de samba! E os int\u00e9rpretes aqui s\u00e3o denominados os &#8220;Sambistas da Guanabara&#8221;. Na verdade, trata-se de uma produ\u00e7\u00e3o planejada da Odeon. Os &#8220;Sambistas da Guanabara&#8221; \u00e9 uma orquestra formada por m\u00fasicos de est\u00fadio da gravadora, os quais n\u00e3o aparecem nos cr\u00e9ditos. Esses cabem apenas ao seu diretor art\u00edstico Ismael Corr\u00eaa e aos maestros e arranjadores Osvaldo Borba e Lindolfo Gaya. <a href=\"http:\/\/4.bp.blogspot.com\/_DSKVEvHtskc\/S2fn49pb54I\/AAAAAAAAGIU\/cD6poZDw3iM\/s1600-h\/os+sambistas+2.jpg\"><img decoding=\"async\" style=\"MARGIN: 0px 10px 10px 0px; WIDTH: 219px; FLOAT: left; HEIGHT: 199px; CURSOR: hand\" id=\"BLOGGER_PHOTO_ID_5433566441252841346\" border=\"0\" alt=\"\" src=\"http:\/\/4.bp.blogspot.com\/_DSKVEvHtskc\/S2fn49pb54I\/AAAAAAAAGIU\/cD6poZDw3iM\/s320\/os+sambistas+2.jpg\" \/><\/a>S\u00e3o eles os respons\u00e1veis por este \u00e1lbum que nos remete a tantos filmes antigos das d\u00e9cadas de 50 e 60, que tem como fundo a cidade do Rio de Janeiro, a malandragem e obviamente o samba. As m\u00fasicas que fazem parte deste lp s\u00e3o cl\u00e1ssicos do samba de outras d\u00e9cadas, obras de artistas como Pixinguinha, Noel Rosa, Sinh\u00f4, Ary Barroso, Braguinha, Lamartine e outros&#8230; H\u00e1 tamb\u00e9m espa\u00e7o para o novo, uma faixa de Tom Jobim e Newton Mendon\u00e7a. Tudo feito quase por encomenda, como qualidade e um profissionalismo musical de fazer inveja a estrangeiros. Em resumo, um disco muito bacana e imperd\u00edvel.<br \/>Foi buscando informa\u00e7\u00f5es complementares (que n\u00e3o se encontra), que acabei caindo no Loronix. Por l\u00e1 encontrei mais um disco dos &#8220;Sambistas da Guanabara&#8221;, o volume 2, agora mais bossa nova. Este, tamb\u00e9m maravilhoso, lan\u00e7ado segundo o Loro, em 1964. Resolvi ent\u00e3o inclu\u00ed-lo nesta postagem, afinal, se um \u00e9 show, dois \u00e9 espetacular! Confiram a\u00ed essas duas p\u00e9rolas&#8230;<\/p>\n<div align=\"center\"><em>volume 1<\/em><\/div>\n<div align=\"center\">a tua vida \u00e9 um segredo<\/div>\n<div align=\"center\">se voc\u00ea jurar<\/div>\n<div align=\"center\">samba de uma nota s\u00f3<\/div>\n<div align=\"center\">o apito no samba<\/div>\n<div align=\"center\">o amor e a rosa<\/div>\n<div align=\"center\">at\u00e9 amanh\u00e3<\/div>\n<div align=\"center\">na baixa do sapateiro<\/div>\n<div align=\"center\">carinhoso<\/div>\n<div align=\"center\">n\u00e3o tenho l\u00e1grimas<\/div>\n<div align=\"center\">jura<\/div>\n<div align=\"center\">com que roupa<\/div>\n<div align=\"center\">fita amarela<\/div>\n<div align=\"center\"><\/div>\n<div align=\"center\"><em>volume 2<\/em><\/div>\n<div align=\"center\">bigorrilho<\/div>\n<div align=\"center\">falsa baiana<\/div>\n<div align=\"center\">sa-saure<\/div>\n<div align=\"center\">eu n\u00e3o tenho onde morar<\/div>\n<div align=\"center\">provei<\/div>\n<div align=\"center\">sal e pimenta<\/div>\n<div align=\"center\">berimbau<\/div>\n<div align=\"center\">miss balan\u00e7o<\/div>\n<div align=\"center\">mas que nada<\/div>\n<div align=\"center\">implorar<\/div>\n<div align=\"center\">est\u00e1 nascendo um samba<\/div>\n<div align=\"center\">o orvalho vem caindo<\/div>\n<div align=\"center\"><\/div>\n<div align=\"center\"><\/div>\n","protected":false},"excerpt":{"rendered":"<p>Bom dia, amigos cultos e ocultos! Aproveitando o ar matinal, enquanto preparo o meu caf\u00e9, vou logo fazendo a postagem do dia. Para manter o n\u00edvel de excel\u00eancia musical da semana, estou trazendo um disco que \u00e9 pura emo\u00e7\u00e3o. Um &hellip; <a href=\"https:\/\/www.toque-musicall.com\/?p=945\">Continue lendo <span class=\"meta-nav\">&rarr;<\/span><\/a><\/p>\n","protected":false},"author":1,"featured_media":0,"comment_status":"open","ping_status":"closed","sticky":false,"template":"","format":"standard","meta":{"footnotes":""},"categories":[742],"tags":[],"class_list":["post-945","post","type-post","status-publish","format-standard","hentry","category-sambistas-da-guanabara"],"_links":{"self":[{"href":"https:\/\/www.toque-musicall.com\/index.php?rest_route=\/wp\/v2\/posts\/945","targetHints":{"allow":["GET"]}}],"collection":[{"href":"https:\/\/www.toque-musicall.com\/index.php?rest_route=\/wp\/v2\/posts"}],"about":[{"href":"https:\/\/www.toque-musicall.com\/index.php?rest_route=\/wp\/v2\/types\/post"}],"author":[{"embeddable":true,"href":"https:\/\/www.toque-musicall.com\/index.php?rest_route=\/wp\/v2\/users\/1"}],"replies":[{"embeddable":true,"href":"https:\/\/www.toque-musicall.com\/index.php?rest_route=%2Fwp%2Fv2%2Fcomments&post=945"}],"version-history":[{"count":0,"href":"https:\/\/www.toque-musicall.com\/index.php?rest_route=\/wp\/v2\/posts\/945\/revisions"}],"wp:attachment":[{"href":"https:\/\/www.toque-musicall.com\/index.php?rest_route=%2Fwp%2Fv2%2Fmedia&parent=945"}],"wp:term":[{"taxonomy":"category","embeddable":true,"href":"https:\/\/www.toque-musicall.com\/index.php?rest_route=%2Fwp%2Fv2%2Fcategories&post=945"},{"taxonomy":"post_tag","embeddable":true,"href":"https:\/\/www.toque-musicall.com\/index.php?rest_route=%2Fwp%2Fv2%2Ftags&post=945"}],"curies":[{"name":"wp","href":"https:\/\/api.w.org\/{rel}","templated":true}]}}