{"id":9450,"date":"2022-06-02T08:55:00","date_gmt":"2022-06-02T11:55:00","guid":{"rendered":"https:\/\/www.toque-musicall.com\/?p=9450"},"modified":"2022-06-06T08:58:24","modified_gmt":"2022-06-06T11:58:24","slug":"nanai-e-a-turma-do-sereno-ze-carioca-e-seu-conjunto-personalidades-1956","status":"publish","type":"post","link":"https:\/\/www.toque-musicall.com\/?p=9450","title":{"rendered":"Nanai E A Turma Do Sereno &#8211; Z\u00e9 Carioca E Seu Conjunto &#8211; Personalidades (1956)"},"content":{"rendered":"\n<figure class=\"wp-block-image size-large\"><img decoding=\"async\" src=\"https:\/\/blogger.googleusercontent.com\/img\/b\/R29vZ2xl\/AVvXsEjNXKKCdbTGPneyq3DuqJ2xD8OCD91JoSAqZFmcB3Rk_Z3hzj_QH_cQi_btEd9rWdgkzpcUXKJu-6a1b2w19CAUIu6Xz-5cy20Vi0bVh6hhInBWKRQT23RJynzpIyRaOpMvlpmfqAow3eDynARyTXjkfV5MXhtlC8GuKkt2K-QdX6M__OUF8gxkX5GOCQ\/w640-h636\/Capturarf.JPG\" alt=\"\"\/><\/figure>\n\n\n\n<figure class=\"wp-block-image size-large\"><img decoding=\"async\" src=\"https:\/\/blogger.googleusercontent.com\/img\/b\/R29vZ2xl\/AVvXsEiRD-oA2AhZTBKMqVpAOsw1JiLBLXp9B-H8VjrSqpya5wxDP4UTcsAASvufneEjnsNS70c4BGKhBNV4JMcJmHmK9ohEE4cy3fjDgaGdW54W9FT5IO7KLJzD5U66iyDhG1bI4mJliaYsu9a-lEW43XZWAWXNiLZuhvkLaIfpr3GkZXH2LGurI_DS_UPwFQ\/w640-h598\/Capturarb.JPG\" alt=\"\"\/><\/figure>\n\n\n<div class=\"separator\">Bom dia, boa hora&#8230; amigos cultos e ocultos! Entre os muitos discos e arquivos que recebo, eis aqui um bem interessante, disquinho raro, dos poucos da RGE em 10 polegadas que a gente v\u00ea por ai. N\u00e3o menos raros s\u00e3o os dois artistas que fazem parte deste lp, Nanai e Z\u00e9 Carioca, dois artistas pouco conhecidos, como o pr\u00f3prio texto de apresenta\u00e7\u00e3o na contracapa nos fala. Isso por conta de, j\u00e1 naquela \u00e9poca, eram artistas internacionais, ou seja, atuavam fora do Brasil. Nanai foi um artista que se apresentava por pa\u00edses da Am\u00e9rica do Sul. Z\u00e9 Carioca, por sua vez, vivia nos Estados Unidos. Dois excelentes artistas os quais a RGE teve a oportunidade de gravar e lan\u00e7ar, em 1956.<\/div>\n<div class=\"separator\">Ontem eu estava ouvindo o disco e por uma feliz coincid\u00eancia, uma das oito faixas se chama &#8220;Dois de junho&#8221;, interpretada por Z\u00e9 Carioca e seu conjunto. Perfeito para a postagem de hoje! E como j\u00e1 disse, n\u00e3o irei me estender nas apresenta\u00e7\u00f5es quando o disco j\u00e1 trouxer as informa\u00e7\u00f5es na contracapa ou encartes. Isso toma tempo e tempo \u00e9 coisa curta por aqui. Ent\u00e3o, corram atr\u00e1s&#8230; o link j\u00e1 est\u00e1 no GTM, ok?<\/div>\n<div class=\"separator\">\u00a0<\/div>\n<div class=\"separator\">teus olhinhos &#8211; nanai<\/div>\n<div class=\"separator\">september song &#8211; nanai<\/div>\n<div class=\"separator\">lula boba &#8211; nanai<\/div>\n<div class=\"separator\">morro mas n\u00e3o entrego &#8211; nanai<\/div>\n<div class=\"separator\">tr\u00eas estrelinhas &#8211; z\u00e9 carioca<\/div>\n<div class=\"separator\">dois brasileiros em tokyo &#8211; z\u00e9 carioca<\/div>\n<div class=\"separator\">dois de junho &#8211; z\u00e9 carioca<\/div>\n<div class=\"separator\">desilus\u00e3o &#8211; z\u00e9 carioca<\/div>\n<div class=\"separator\">\u00a0<\/div>\n<div class=\"separator\">.<\/div>","protected":false},"excerpt":{"rendered":"<p>Bom dia, boa hora&#8230; amigos cultos e ocultos! Entre os muitos discos e arquivos que recebo, eis aqui um bem interessante, disquinho raro, dos poucos da RGE em 10 polegadas que a gente v\u00ea por ai. N\u00e3o menos raros s\u00e3o &hellip; <a href=\"https:\/\/www.toque-musicall.com\/?p=9450\">Continue lendo <span class=\"meta-nav\">&rarr;<\/span><\/a><\/p>\n","protected":false},"author":1,"featured_media":0,"comment_status":"closed","ping_status":"closed","sticky":false,"template":"","format":"standard","meta":{"footnotes":""},"categories":[5131,5130],"tags":[5132,3091,5133],"class_list":["post-9450","post","type-post","status-publish","format-standard","hentry","category-nanai-e-a-turma-do-sereno","category-ze-carioca","tag-nanai-e-a-turma-do-sereno","tag-selo-rge","tag-ze-carioca"],"_links":{"self":[{"href":"https:\/\/www.toque-musicall.com\/index.php?rest_route=\/wp\/v2\/posts\/9450","targetHints":{"allow":["GET"]}}],"collection":[{"href":"https:\/\/www.toque-musicall.com\/index.php?rest_route=\/wp\/v2\/posts"}],"about":[{"href":"https:\/\/www.toque-musicall.com\/index.php?rest_route=\/wp\/v2\/types\/post"}],"author":[{"embeddable":true,"href":"https:\/\/www.toque-musicall.com\/index.php?rest_route=\/wp\/v2\/users\/1"}],"replies":[{"embeddable":true,"href":"https:\/\/www.toque-musicall.com\/index.php?rest_route=%2Fwp%2Fv2%2Fcomments&post=9450"}],"version-history":[{"count":1,"href":"https:\/\/www.toque-musicall.com\/index.php?rest_route=\/wp\/v2\/posts\/9450\/revisions"}],"predecessor-version":[{"id":9451,"href":"https:\/\/www.toque-musicall.com\/index.php?rest_route=\/wp\/v2\/posts\/9450\/revisions\/9451"}],"wp:attachment":[{"href":"https:\/\/www.toque-musicall.com\/index.php?rest_route=%2Fwp%2Fv2%2Fmedia&parent=9450"}],"wp:term":[{"taxonomy":"category","embeddable":true,"href":"https:\/\/www.toque-musicall.com\/index.php?rest_route=%2Fwp%2Fv2%2Fcategories&post=9450"},{"taxonomy":"post_tag","embeddable":true,"href":"https:\/\/www.toque-musicall.com\/index.php?rest_route=%2Fwp%2Fv2%2Ftags&post=9450"}],"curies":[{"name":"wp","href":"https:\/\/api.w.org\/{rel}","templated":true}]}}