{"id":9452,"date":"2022-06-03T11:47:00","date_gmt":"2022-06-03T14:47:00","guid":{"rendered":"https:\/\/www.toque-musicall.com\/?p=9452"},"modified":"2022-06-08T11:50:01","modified_gmt":"2022-06-08T14:50:01","slug":"quarteto-em-cy-compacto-elenco-1966","status":"publish","type":"post","link":"https:\/\/www.toque-musicall.com\/?p=9452","title":{"rendered":"Quarteto Em Cy &#8211; Compacto Elenco (1966)"},"content":{"rendered":"\n<figure class=\"wp-block-image size-large\"><img decoding=\"async\" src=\"https:\/\/blogger.googleusercontent.com\/img\/b\/R29vZ2xl\/AVvXsEipEO2WIMthjl-_P68kzrvKyB2tl46fir-iCmnOfT5rle52HK-f70XwL5MskINHRkhAsUGYjNCK9_piRIrOugrKkjloK8e-wgQMo1Bg9X_It2nFuCGrjWQGyopR4_J6iL98-a8PldqrpNzVqomqtaHpHCZ6haNMT8CvoGzu8qtdjKvLirAOoZjzE2Jnew\/w640-h624\/quarteto%20em%20cy%20B.JPG\" alt=\"\"\/><\/figure>\n\n\n\n<figure class=\"wp-block-image size-large\"><img decoding=\"async\" src=\"https:\/\/blogger.googleusercontent.com\/img\/b\/R29vZ2xl\/AVvXsEjT3QqeqzG57BWZcmq4Jtwd5B8LnxXz6_9EXObEmuM-tvEO8hxO4hOfnCkfBqABLJ_Pj8jHOBwVnFKpDOlffWQHbNgpBKqYyWobAZqwcLcw4e2tI0qwGzgv1PZl_UMrhSMP5LoKD49RPvc57kps4uetbKRvgIwEWQbFvGbER7QmC3M-yD5Cqqd5KUgXBA\/w640-h620\/quarteto%20em%20cy%20F.JPG\" alt=\"\"\/><\/figure>\n\n\n<div class=\"separator\">Ol\u00e1, amigos cultos e ocultos! Que tal passarmos o m\u00eas nos compactos? Estou aqui com uma por\u00e7\u00e3o deles, disquinhos dos mais variados, inclusive, tenho alguns portugueses que acho interessante de mostrar e que por certo voc\u00eas tamb\u00e9m ir\u00e3o gostar. Mas, vou procurar alternar tamb\u00e9m com os lps, principalmente aqueles que j\u00e1 trazem um texto informativo na contracapa, assim a gente n\u00e3o atrasa, ok?<\/div>\n<div class=\"separator\">E pra come\u00e7armos bem, aqui vai um compacto da Elenco trazendo o delicioso Quarteto em Cy em disco lan\u00e7ado em 1966. Como se v\u00ea, trazendo duas p\u00e9rolas, &#8220;Pedro pedreiro&#8221;, um dos primeiros sucessos de Chico Buarque e &#8220;Amaralina&#8221;, de Carlos Castilho e Chico de Assis. Creio que este compacto saiu primeiro, antes do lp, o terceiro das baianinhas. Confiram no GTM&#8230;<\/div>\n<div class=\"separator\">\u00a0<\/div>\n<div class=\"separator\">pedro pedreiro<\/div>\n<div class=\"separator\">amaralina<\/div>\n<div class=\"separator\">\u00a0<\/div>\n<div class=\"separator\">\u00a0<\/div>\n<div class=\"separator\">\u00a0<\/div>\n<div class=\"separator\">.<\/div>","protected":false},"excerpt":{"rendered":"<p>Ol\u00e1, amigos cultos e ocultos! Que tal passarmos o m\u00eas nos compactos? Estou aqui com uma por\u00e7\u00e3o deles, disquinhos dos mais variados, inclusive, tenho alguns portugueses que acho interessante de mostrar e que por certo voc\u00eas tamb\u00e9m ir\u00e3o gostar. Mas, &hellip; <a href=\"https:\/\/www.toque-musicall.com\/?p=9452\">Continue lendo <span class=\"meta-nav\">&rarr;<\/span><\/a><\/p>\n","protected":false},"author":1,"featured_media":0,"comment_status":"closed","ping_status":"closed","sticky":false,"template":"","format":"standard","meta":{"footnotes":""},"categories":[1],"tags":[3072,4337,3338],"class_list":["post-9452","post","type-post","status-publish","format-standard","hentry","category-sem-categoria","tag-compactos","tag-quarteto-em-cy","tag-selo-elenco"],"_links":{"self":[{"href":"https:\/\/www.toque-musicall.com\/index.php?rest_route=\/wp\/v2\/posts\/9452","targetHints":{"allow":["GET"]}}],"collection":[{"href":"https:\/\/www.toque-musicall.com\/index.php?rest_route=\/wp\/v2\/posts"}],"about":[{"href":"https:\/\/www.toque-musicall.com\/index.php?rest_route=\/wp\/v2\/types\/post"}],"author":[{"embeddable":true,"href":"https:\/\/www.toque-musicall.com\/index.php?rest_route=\/wp\/v2\/users\/1"}],"replies":[{"embeddable":true,"href":"https:\/\/www.toque-musicall.com\/index.php?rest_route=%2Fwp%2Fv2%2Fcomments&post=9452"}],"version-history":[{"count":1,"href":"https:\/\/www.toque-musicall.com\/index.php?rest_route=\/wp\/v2\/posts\/9452\/revisions"}],"predecessor-version":[{"id":9453,"href":"https:\/\/www.toque-musicall.com\/index.php?rest_route=\/wp\/v2\/posts\/9452\/revisions\/9453"}],"wp:attachment":[{"href":"https:\/\/www.toque-musicall.com\/index.php?rest_route=%2Fwp%2Fv2%2Fmedia&parent=9452"}],"wp:term":[{"taxonomy":"category","embeddable":true,"href":"https:\/\/www.toque-musicall.com\/index.php?rest_route=%2Fwp%2Fv2%2Fcategories&post=9452"},{"taxonomy":"post_tag","embeddable":true,"href":"https:\/\/www.toque-musicall.com\/index.php?rest_route=%2Fwp%2Fv2%2Ftags&post=9452"}],"curies":[{"name":"wp","href":"https:\/\/api.w.org\/{rel}","templated":true}]}}