{"id":9459,"date":"2022-06-06T10:44:00","date_gmt":"2022-06-06T13:44:00","guid":{"rendered":"https:\/\/www.toque-musicall.com\/?p=9459"},"modified":"2022-06-09T10:47:43","modified_gmt":"2022-06-09T13:47:43","slug":"tonicha-menina-do-alto-da-serra-1971","status":"publish","type":"post","link":"https:\/\/www.toque-musicall.com\/?p=9459","title":{"rendered":"Tonicha &#8211; Menina Do Alto Da Serra (1971)"},"content":{"rendered":"\n<figure class=\"wp-block-image size-large\"><img decoding=\"async\" src=\"https:\/\/blogger.googleusercontent.com\/img\/b\/R29vZ2xl\/AVvXsEik2J_1y_wU4eNTT27X_dK26hu-QyCod13fiiniBOk3SI7vVlxqBYvSPZUqymxNsA7LCpXF5_oduJMjLys15a4miC3mWxYqXWwp1e7kvef4CjMEBcGdl86PpDXW1OcSKm-xtOHdlXXlLJ-Ri78WRsq3jMeOfaNkH40gsHPgJDiEH230iBzk0TzoM6-f9Q\/w640-h638\/Capturar.JPG\" alt=\"\"\/><\/figure>\n\n\n\n<figure class=\"wp-block-image size-large\"><img decoding=\"async\" src=\"https:\/\/blogger.googleusercontent.com\/img\/b\/R29vZ2xl\/AVvXsEitERsuBpsiTgzekjjd9Mm7AUOM8Nv5Ndjdu5dtx3lCmxFw_7LmXcEzng8BKUL-RXs5kBo-V2s8iVfXfasbThCRKvFgv5Oj1T341WjZdJVIxkxozS36IriEQ7vq9UrCFHstiKOjaOPz8D-AtpxzAhl16nWbRVeUHXCgM2HdNbkr07tI772xYkMTtrYUKA\/w640-h636\/Capturarb.JPG\" alt=\"\"\/><\/figure>\n\n\n<div class=\"separator\">Boa hora, car\u00edssimos amigos cultos e ocultos! Aqui mais um disquinho, um compacto de cantores portugueses. Desta vez um disco de 1971 trazendo a cantora Tonicha, uma artista bem popular em Portugal. Tem em sua carreira uma dezena de discos gravados e ao que consta, ainda continua atuante.<\/div>\n<div class=\"separator\">Este compacto traz duas can\u00e7\u00f5es de Nuno Nazareth e Ary dos Santos, sendo que &#8220;Menina do alta da serra&#8221; foi a m\u00fasica classificada e defendida por Tonicha, no festival Eurovis\u00e3o e no qual alcan\u00e7ou o nono lugar. Confiram no GTM&#8230;.<\/div>\n<div class=\"separator\">\u00a0<\/div>\n<div class=\"separator\">menina do alto da serra<\/div>\n<div class=\"separator\">mulher<\/div>\n<div class=\"separator\">\u00a0<\/div>\n<div class=\"separator\">\u00a0<\/div>\n<div class=\"separator\">.<\/div>","protected":false},"excerpt":{"rendered":"<p>Boa hora, car\u00edssimos amigos cultos e ocultos! Aqui mais um disquinho, um compacto de cantores portugueses. Desta vez um disco de 1971 trazendo a cantora Tonicha, uma artista bem popular em Portugal. Tem em sua carreira uma dezena de discos &hellip; <a href=\"https:\/\/www.toque-musicall.com\/?p=9459\">Continue lendo <span class=\"meta-nav\">&rarr;<\/span><\/a><\/p>\n","protected":false},"author":1,"featured_media":0,"comment_status":"closed","ping_status":"closed","sticky":false,"template":"","format":"standard","meta":{"footnotes":""},"categories":[5138,5137],"tags":[3072,3266,5139,5140],"class_list":["post-9459","post","type-post","status-publish","format-standard","hentry","category-selo-zip-zip","category-tonicha","tag-compactos","tag-internacional","tag-selo-zip-zip","tag-tonicha"],"_links":{"self":[{"href":"https:\/\/www.toque-musicall.com\/index.php?rest_route=\/wp\/v2\/posts\/9459","targetHints":{"allow":["GET"]}}],"collection":[{"href":"https:\/\/www.toque-musicall.com\/index.php?rest_route=\/wp\/v2\/posts"}],"about":[{"href":"https:\/\/www.toque-musicall.com\/index.php?rest_route=\/wp\/v2\/types\/post"}],"author":[{"embeddable":true,"href":"https:\/\/www.toque-musicall.com\/index.php?rest_route=\/wp\/v2\/users\/1"}],"replies":[{"embeddable":true,"href":"https:\/\/www.toque-musicall.com\/index.php?rest_route=%2Fwp%2Fv2%2Fcomments&post=9459"}],"version-history":[{"count":1,"href":"https:\/\/www.toque-musicall.com\/index.php?rest_route=\/wp\/v2\/posts\/9459\/revisions"}],"predecessor-version":[{"id":9460,"href":"https:\/\/www.toque-musicall.com\/index.php?rest_route=\/wp\/v2\/posts\/9459\/revisions\/9460"}],"wp:attachment":[{"href":"https:\/\/www.toque-musicall.com\/index.php?rest_route=%2Fwp%2Fv2%2Fmedia&parent=9459"}],"wp:term":[{"taxonomy":"category","embeddable":true,"href":"https:\/\/www.toque-musicall.com\/index.php?rest_route=%2Fwp%2Fv2%2Fcategories&post=9459"},{"taxonomy":"post_tag","embeddable":true,"href":"https:\/\/www.toque-musicall.com\/index.php?rest_route=%2Fwp%2Fv2%2Ftags&post=9459"}],"curies":[{"name":"wp","href":"https:\/\/api.w.org\/{rel}","templated":true}]}}