{"id":946,"date":"2010-02-01T11:27:00","date_gmt":"2010-02-01T11:27:00","guid":{"rendered":"http:\/\/www.toque-musicall.com\/?p=946"},"modified":"2010-02-01T11:27:00","modified_gmt":"2010-02-01T11:27:00","slug":"carlos-monteiro-de-souza-metais-em-brasa-na-bossa-nova-1963","status":"publish","type":"post","link":"https:\/\/www.toque-musicall.com\/?p=946","title":{"rendered":"Carlos Monteiro De Souza &#8211; Metais Em Brasa Na Bossa Nova (1963)"},"content":{"rendered":"<div><a href=\"http:\/\/2.bp.blogspot.com\/_DSKVEvHtskc\/S2a6yXO0xMI\/AAAAAAAAGH4\/9bTGXMDfeSo\/s1600-h\/CMS+Metais+Em+Brasa+P.JPG\"><img decoding=\"async\" style=\"margin: 0px auto 10px; text-align: center; width: 397px; display: block; height: 400px;\" id=\"BLOGGER_PHOTO_ID_5433235374861501634\" alt=\"\" src=\"http:\/\/2.bp.blogspot.com\/_DSKVEvHtskc\/S2a6yXO0xMI\/AAAAAAAAGH4\/9bTGXMDfeSo\/s400\/CMS+Metais+Em+Brasa+P.JPG\" border=\"0\" \/><\/a>Bom dia! Nossa semana come\u00e7a muito bem, fazendo jus \u00e0s duas \u00faltimas postagens, trazendo de volta aquilo que j\u00e1 se transformou em raros momentos. J\u00e1 andei selecionado para os pr\u00f3ximos dias alguns disquinhos literalmente fora de s\u00e9rie. S\u00f3 espero ter tempo para fazer o embrulho dos presentes e post\u00e1-los como gosto. As vezes falta tempo, outras vezes inspira\u00e7\u00e3o, mas o que n\u00e3o pode faltar \u00e9 o compromisso di\u00e1rio. Seja ao meio dia, seja at\u00e9 a meia noite \ud83d\ude42<br \/>Temos aqui este maravilhoso \u00e1lbum na linha &#8220;Metais em brasa&#8221;. Lembram desse t\u00edtulo, que serviu para dar nome a muitos discos de orquestras? Pois \u00e9, tamb\u00e9m serviu para a Bossa Nova. Ali\u00e1s, este foi o primeiro disco a apresentar uma grande orquestra interpretando a bossa nova. \u00c9 o que diz o texto da contracapa e deve ser verdade mesmo. Eu n\u00e3o me lembro de outro antes dele. Temos assim uma &#8216;big band&#8217; formada por vinte e tr\u00eas m\u00fasicos e um c\u00f4ro de oito vozes, dirigida e orquestrada pelo maestro Carlos Monteiro de Souza. Os arranjos de bossa nova para orquestra ficaram &#8216;finos&#8217;, um trabalho tipo exporta\u00e7\u00e3o e que n\u00e3o deixa nada a desejar em compara\u00e7\u00e3o a outras orquestras pelo mundo. Do repert\u00f3rio, todas as m\u00fasicas s\u00e3o bem conhecidas do p\u00fablico, exceto a faixa de abertura, &#8220;This is Bossa Nova&#8221;, m\u00fasica in\u00e9dita de autoria do pr\u00f3prio Carlos Monteiro. Ta\u00ed, um disco que vale a pena ouvir. Muito bom!<\/p>\n<div style=\"text-align: center;\">this is bossa nova<br \/>s\u00f3 dan\u00e7o samba<br \/>desafinado<br \/>corcovado<br \/>amor  sincopado<br \/>sambadinho<br \/>o pato<br \/>samba de uma nota s\u00f3<br \/>l\u00f4bo b\u00f4bo<br \/>este seu olhar<br \/>tristeza de n\u00f3s dois<br \/>o barquinho<\/p>\n<p><\/div>\n<div><\/div>\n<\/div>\n","protected":false},"excerpt":{"rendered":"<p>Bom dia! Nossa semana come\u00e7a muito bem, fazendo jus \u00e0s duas \u00faltimas postagens, trazendo de volta aquilo que j\u00e1 se transformou em raros momentos. J\u00e1 andei selecionado para os pr\u00f3ximos dias alguns disquinhos literalmente fora de s\u00e9rie. S\u00f3 espero ter &hellip; <a href=\"https:\/\/www.toque-musicall.com\/?p=946\">Continue lendo <span class=\"meta-nav\">&rarr;<\/span><\/a><\/p>\n","protected":false},"author":1,"featured_media":0,"comment_status":"open","ping_status":"closed","sticky":false,"template":"","format":"standard","meta":{"footnotes":""},"categories":[1260],"tags":[],"class_list":["post-946","post","type-post","status-publish","format-standard","hentry","category-carlos-monteiro-de-souza"],"_links":{"self":[{"href":"https:\/\/www.toque-musicall.com\/index.php?rest_route=\/wp\/v2\/posts\/946","targetHints":{"allow":["GET"]}}],"collection":[{"href":"https:\/\/www.toque-musicall.com\/index.php?rest_route=\/wp\/v2\/posts"}],"about":[{"href":"https:\/\/www.toque-musicall.com\/index.php?rest_route=\/wp\/v2\/types\/post"}],"author":[{"embeddable":true,"href":"https:\/\/www.toque-musicall.com\/index.php?rest_route=\/wp\/v2\/users\/1"}],"replies":[{"embeddable":true,"href":"https:\/\/www.toque-musicall.com\/index.php?rest_route=%2Fwp%2Fv2%2Fcomments&post=946"}],"version-history":[{"count":0,"href":"https:\/\/www.toque-musicall.com\/index.php?rest_route=\/wp\/v2\/posts\/946\/revisions"}],"wp:attachment":[{"href":"https:\/\/www.toque-musicall.com\/index.php?rest_route=%2Fwp%2Fv2%2Fmedia&parent=946"}],"wp:term":[{"taxonomy":"category","embeddable":true,"href":"https:\/\/www.toque-musicall.com\/index.php?rest_route=%2Fwp%2Fv2%2Fcategories&post=946"},{"taxonomy":"post_tag","embeddable":true,"href":"https:\/\/www.toque-musicall.com\/index.php?rest_route=%2Fwp%2Fv2%2Ftags&post=946"}],"curies":[{"name":"wp","href":"https:\/\/api.w.org\/{rel}","templated":true}]}}