{"id":9469,"date":"2022-06-11T10:02:00","date_gmt":"2022-06-11T13:02:00","guid":{"rendered":"https:\/\/www.toque-musicall.com\/?p=9469"},"modified":"2022-06-12T10:07:19","modified_gmt":"2022-06-12T13:07:19","slug":"duarte-mendes-adolescente-1971","status":"publish","type":"post","link":"https:\/\/www.toque-musicall.com\/?p=9469","title":{"rendered":"Duarte Mendes &#8211; Adolescente (1971)"},"content":{"rendered":"\n<figure class=\"wp-block-image size-large\"><img decoding=\"async\" src=\"https:\/\/blogger.googleusercontent.com\/img\/b\/R29vZ2xl\/AVvXsEjXXJqvU_tJy3Z3YvcILXTRDQ_d_EMmwlhJ3K1C7Jb4CSlTvvUgNIOQOX56ZPlDnOZLTeVhHJNtEPxAILzs7WeLW6ViygF23Xvq9wfl1uKr_6TTt4MydtaXM3jGRAROe5EGAb_nW4TlPQees5AtPzT8hyW-iHAUpsxzVf43hyN1YXmeIsWLXoIYMrwNRA\/w640-h630\/Capturar.JPG\" alt=\"\"\/><\/figure>\n\n\n\n<figure class=\"wp-block-image size-large\"><img decoding=\"async\" src=\"https:\/\/blogger.googleusercontent.com\/img\/b\/R29vZ2xl\/AVvXsEhAeQ46LOY9qKtTZT1qeN0QK0lo6lOf6iTHlR17j1ZvEh07iaDTR8gndpJ9rO6_XMWhydtQmpFsnBe76QTmyqEOv10UrBoSHkQQ6gEN1KPUeStaEFPz6jwnr3M4lp9S0KUKXNYlxguh2WXEQ8wX38mnLvf8UuQAJzpzIULxtSCaMxsJb76HTPQin7JfBA\/w626-h640\/Capturarb.JPG\" alt=\"\"\/><\/figure>\n\n\n<div class=\"separator\">Um bom dia a todos, amigos cultos e ocultos! Seguindo em nosso mostra portuguesa (com certeza), temos desta vez a presen\u00e7a de Duarte Mendes, mais um artista de destaque na m\u00fasica portuguesa dos anos 70.\u00a0Ao que consta, Jos\u00e9 Henrique Duarte Mendes foi um dos chamados &#8220;capit\u00e3es de abril&#8217;, por conta da sua participa\u00e7\u00e3o na Revolu\u00e7\u00e3o de 25 de abril, de 1974, tamb\u00e9m conhecida como &#8220;Revolu\u00e7\u00e3o dos Cravos&#8221;. Duarte Mendes era um militar, parte do grupo dos capit\u00e3es que se revoltaram contra a ditadura portuguesa. Na m\u00fasica, gravou v\u00e1rios discos, principalmente compactos e participou tamb\u00e9m dos festivais, muito comuns naquela \u00e9poca. Este \u00e9 um dos seus discos mais conhecidos e traz duas can\u00e7\u00f5es, sendo &#8220;Adolescente&#8221; uma da m\u00fasicas que concorreu ao VIII Grande Premio da TV Portuguesa, em 1971. Eis aqui um disquinho com um leve frescor de bossa nova, principalmente nesta can\u00e7\u00e3o. Confiram o &#8216;single&#8217; no GTM&#8230;<\/div>\n<div class=\"separator\">\u00a0<\/div>\n<div class=\"separator\">adolescente<\/div>\n<div class=\"separator\">dar e cantar<\/div>\n<div>\u00a0<\/div>\n<div>\u00a0<\/div>\n<div>.<\/div>","protected":false},"excerpt":{"rendered":"<p>Um bom dia a todos, amigos cultos e ocultos! Seguindo em nosso mostra portuguesa (com certeza), temos desta vez a presen\u00e7a de Duarte Mendes, mais um artista de destaque na m\u00fasica portuguesa dos anos 70.\u00a0Ao que consta, Jos\u00e9 Henrique Duarte &hellip; <a href=\"https:\/\/www.toque-musicall.com\/?p=9469\">Continue lendo <span class=\"meta-nav\">&rarr;<\/span><\/a><\/p>\n","protected":false},"author":1,"featured_media":0,"comment_status":"closed","ping_status":"closed","sticky":false,"template":"","format":"standard","meta":{"footnotes":""},"categories":[5154],"tags":[3072,5155,3266,3012],"class_list":["post-9469","post","type-post","status-publish","format-standard","hentry","category-duarte-mendes","tag-compactos","tag-duarte-mendes","tag-internacional","tag-selo-philips"],"_links":{"self":[{"href":"https:\/\/www.toque-musicall.com\/index.php?rest_route=\/wp\/v2\/posts\/9469","targetHints":{"allow":["GET"]}}],"collection":[{"href":"https:\/\/www.toque-musicall.com\/index.php?rest_route=\/wp\/v2\/posts"}],"about":[{"href":"https:\/\/www.toque-musicall.com\/index.php?rest_route=\/wp\/v2\/types\/post"}],"author":[{"embeddable":true,"href":"https:\/\/www.toque-musicall.com\/index.php?rest_route=\/wp\/v2\/users\/1"}],"replies":[{"embeddable":true,"href":"https:\/\/www.toque-musicall.com\/index.php?rest_route=%2Fwp%2Fv2%2Fcomments&post=9469"}],"version-history":[{"count":3,"href":"https:\/\/www.toque-musicall.com\/index.php?rest_route=\/wp\/v2\/posts\/9469\/revisions"}],"predecessor-version":[{"id":9472,"href":"https:\/\/www.toque-musicall.com\/index.php?rest_route=\/wp\/v2\/posts\/9469\/revisions\/9472"}],"wp:attachment":[{"href":"https:\/\/www.toque-musicall.com\/index.php?rest_route=%2Fwp%2Fv2%2Fmedia&parent=9469"}],"wp:term":[{"taxonomy":"category","embeddable":true,"href":"https:\/\/www.toque-musicall.com\/index.php?rest_route=%2Fwp%2Fv2%2Fcategories&post=9469"},{"taxonomy":"post_tag","embeddable":true,"href":"https:\/\/www.toque-musicall.com\/index.php?rest_route=%2Fwp%2Fv2%2Ftags&post=9469"}],"curies":[{"name":"wp","href":"https:\/\/api.w.org\/{rel}","templated":true}]}}