{"id":9473,"date":"2022-06-12T10:07:00","date_gmt":"2022-06-12T13:07:00","guid":{"rendered":"https:\/\/www.toque-musicall.com\/?p=9473"},"modified":"2022-06-12T10:10:23","modified_gmt":"2022-06-12T13:10:23","slug":"fernando-tordo-cavalo-a-solta-1971","status":"publish","type":"post","link":"https:\/\/www.toque-musicall.com\/?p=9473","title":{"rendered":"Fernando Tordo &#8211; Cavalo A Solta (1971)"},"content":{"rendered":"\n<figure class=\"wp-block-image size-large\"><img decoding=\"async\" src=\"https:\/\/blogger.googleusercontent.com\/img\/b\/R29vZ2xl\/AVvXsEjiqUZMBwK6eBzLfPdp8kpSlL2VcukCW2bZqKs58ItEHp2-Gy5795TTvS14k0-UlcA9y5ZSzZ9UVHGWmTkoOVc9eIkp6DaIoneiZFXoJPX_TsJI0pHBmRB8ft46EmPJEoBJPfisyhCU72ACJzPozkHSZJQFntJutasrvnO0V_tY9-TndM_N71WgWaeErw\/w640-h630\/Capturar.JPG\" alt=\"\"\/><\/figure>\n\n\n\n<figure class=\"wp-block-image size-large\"><img decoding=\"async\" src=\"https:\/\/blogger.googleusercontent.com\/img\/b\/R29vZ2xl\/AVvXsEgoNve2du392D0rf9Z2pM1oe1fe_NsgYfpjuVGl2ABzdbqcjINIFJ65XAGfablkN1qhsXjDFpumcjbw9I4clep_GTW1fEZvOP6RWwbp-fRxlvC7gaaFAOKwIP0SENCwSUNNtsl_foWV-1OvI2LWy3twLsrFXa4sbyDdN0M9b_RSSzU2Mg625wB40E3b1w\/w640-h634\/Capturarb.JPG\" alt=\"\"\/><\/figure>\n\n\n<div class=\"separator\">Boa hora, amigos cultos e ocultos, seja antes ou seja agora! (s\u00f3 pra rimar, hehehe&#8230;) E vamos n\u00f3s nos disquinhos compactos portugueses. Desta vez apresentando Fernando Tordo, outro dos mais destacados e pol\u00eamicos artistas portugueses, dono de um extensa discografia. Morou no Brasil por uns quatro anos e tamb\u00e9m gravou disco por aqui. &#8220;Cavalo \u00e0 solta&#8221; foi uma das suas primeiras composi\u00e7\u00f5es com o poeta Jos\u00e9 Carlos Ary dos Santos e concorreu ao VIII Grande Pr\u00eamio TV da Can\u00e7\u00e3o Portuguesa e aqui est\u00e1 juntamente com outra composi\u00e7\u00e3o dos dois, &#8220;Aconteceu na primavera&#8221;. Confiram no GTM&#8230;<\/div>\n<div class=\"separator\">\u00a0<\/div>\n<div class=\"separator\">cavalo \u00e0 solta<\/div>\n<div class=\"separator\">aconteceu na primavera<\/div>\n<div class=\"separator\">\u00a0<\/div>\n<div class=\"separator\">\u00a0<\/div>\n<div class=\"separator\">.<\/div>","protected":false},"excerpt":{"rendered":"<p>Boa hora, amigos cultos e ocultos, seja antes ou seja agora! (s\u00f3 pra rimar, hehehe&#8230;) E vamos n\u00f3s nos disquinhos compactos portugueses. Desta vez apresentando Fernando Tordo, outro dos mais destacados e pol\u00eamicos artistas portugueses, dono de um extensa discografia. &hellip; <a href=\"https:\/\/www.toque-musicall.com\/?p=9473\">Continue lendo <span class=\"meta-nav\">&rarr;<\/span><\/a><\/p>\n","protected":false},"author":1,"featured_media":0,"comment_status":"closed","ping_status":"closed","sticky":false,"template":"","format":"standard","meta":{"footnotes":""},"categories":[5156],"tags":[3072,5157,3266,3012],"class_list":["post-9473","post","type-post","status-publish","format-standard","hentry","category-fernando-tordo","tag-compactos","tag-fernando-torodo","tag-internacional","tag-selo-philips"],"_links":{"self":[{"href":"https:\/\/www.toque-musicall.com\/index.php?rest_route=\/wp\/v2\/posts\/9473","targetHints":{"allow":["GET"]}}],"collection":[{"href":"https:\/\/www.toque-musicall.com\/index.php?rest_route=\/wp\/v2\/posts"}],"about":[{"href":"https:\/\/www.toque-musicall.com\/index.php?rest_route=\/wp\/v2\/types\/post"}],"author":[{"embeddable":true,"href":"https:\/\/www.toque-musicall.com\/index.php?rest_route=\/wp\/v2\/users\/1"}],"replies":[{"embeddable":true,"href":"https:\/\/www.toque-musicall.com\/index.php?rest_route=%2Fwp%2Fv2%2Fcomments&post=9473"}],"version-history":[{"count":1,"href":"https:\/\/www.toque-musicall.com\/index.php?rest_route=\/wp\/v2\/posts\/9473\/revisions"}],"predecessor-version":[{"id":9474,"href":"https:\/\/www.toque-musicall.com\/index.php?rest_route=\/wp\/v2\/posts\/9473\/revisions\/9474"}],"wp:attachment":[{"href":"https:\/\/www.toque-musicall.com\/index.php?rest_route=%2Fwp%2Fv2%2Fmedia&parent=9473"}],"wp:term":[{"taxonomy":"category","embeddable":true,"href":"https:\/\/www.toque-musicall.com\/index.php?rest_route=%2Fwp%2Fv2%2Fcategories&post=9473"},{"taxonomy":"post_tag","embeddable":true,"href":"https:\/\/www.toque-musicall.com\/index.php?rest_route=%2Fwp%2Fv2%2Ftags&post=9473"}],"curies":[{"name":"wp","href":"https:\/\/api.w.org\/{rel}","templated":true}]}}