{"id":948,"date":"2010-01-30T12:25:00","date_gmt":"2010-01-30T12:25:00","guid":{"rendered":"http:\/\/www.toque-musicall.com\/?p=948"},"modified":"2010-01-30T12:25:00","modified_gmt":"2010-01-30T12:25:00","slug":"walter-wanderley-e-seu-conjunto-feito-sob-medida-1959","status":"publish","type":"post","link":"https:\/\/www.toque-musicall.com\/?p=948","title":{"rendered":"Walter Wanderley E Seu Conjunto &#8211; Feito Sob Medida (1959)"},"content":{"rendered":"<p><a href=\"http:\/\/2.bp.blogspot.com\/_DSKVEvHtskc\/S2Qleksl9cI\/AAAAAAAAGHU\/zvfqv7eltPc\/s1600-h\/WW+P.JPG\"><img decoding=\"async\" style=\"TEXT-ALIGN: center; MARGIN: 0px auto 10px; WIDTH: 400px; DISPLAY: block; HEIGHT: 400px; CURSOR: hand\" id=\"BLOGGER_PHOTO_ID_5432508257692677570\" border=\"0\" alt=\"\" src=\"http:\/\/2.bp.blogspot.com\/_DSKVEvHtskc\/S2Qleksl9cI\/AAAAAAAAGHU\/zvfqv7eltPc\/s400\/WW+P.JPG\" \/><\/a>Ol\u00e1s! Hoje o meu s\u00e1bado est\u00e1 mais parecendo um dia de semana comum. Em outras palavras, estou na rala\u00e7\u00e3o, com o tempo curtinho para me dedicar ao blog. Aproveitando a folga do almo\u00e7o, entre uma garfada e outra vou fazendo esta postagem. Que correria! Hoje o papo \u00e9 curto, mas o disco \u00e9 grande \ud83d\ude42<br \/>Vamos com Walter Wanderley em um de seus primeiros e raros lps. Temos aqui o \u00e1lbum &#8220;Feito sob medida&#8221;, um disco bem na linha do que rolava nos anos 50, feito para dan\u00e7ar. Nele encontramos um repert\u00f3rio rico em rock balada, cha-cha-cha, bolero e samba. Tem Tom Jobim e Jo\u00e3o Gilberto, num pren\u00fancio de bossa nova. Para a \u00e9poca era o &#8216;top&#8217; de modernidade. Ali\u00e1s, at\u00e9 na capa sentimos isso. A modelo, fotografada por Chico Pereira, parece ao estilo dos tempos atuais, nada convencional. Confiram a\u00ed&#8230;<\/p>\n<div align=\"center\">este seu olhar<\/div>\n<div align=\"center\">lamento<\/div>\n<div align=\"center\">lobo bobo<\/div>\n<div align=\"center\">siete notas de amor<\/div>\n<div align=\"center\">el reloj<\/div>\n<div align=\"center\">h\u00f4 ba l\u00e1 l\u00e1<\/div>\n<div align=\"center\">the diary<\/div>\n<div align=\"center\">stupid cupid<\/div>\n<div align=\"center\">my heart sings<\/div>\n<div align=\"center\">adi\u00f3s<\/div>\n<div align=\"center\">quizas, quizas, quizas<\/div>\n<div align=\"center\">perfidia<\/div>\n<div align=\"center\"> <\/div>\n<div align=\"center\"> <\/div>\n","protected":false},"excerpt":{"rendered":"<p>Ol\u00e1s! Hoje o meu s\u00e1bado est\u00e1 mais parecendo um dia de semana comum. Em outras palavras, estou na rala\u00e7\u00e3o, com o tempo curtinho para me dedicar ao blog. Aproveitando a folga do almo\u00e7o, entre uma garfada e outra vou fazendo &hellip; <a href=\"https:\/\/www.toque-musicall.com\/?p=948\">Continue lendo <span class=\"meta-nav\">&rarr;<\/span><\/a><\/p>\n","protected":false},"author":1,"featured_media":0,"comment_status":"open","ping_status":"closed","sticky":false,"template":"","format":"standard","meta":{"footnotes":""},"categories":[286],"tags":[],"class_list":["post-948","post","type-post","status-publish","format-standard","hentry","category-walter-wanderley"],"_links":{"self":[{"href":"https:\/\/www.toque-musicall.com\/index.php?rest_route=\/wp\/v2\/posts\/948","targetHints":{"allow":["GET"]}}],"collection":[{"href":"https:\/\/www.toque-musicall.com\/index.php?rest_route=\/wp\/v2\/posts"}],"about":[{"href":"https:\/\/www.toque-musicall.com\/index.php?rest_route=\/wp\/v2\/types\/post"}],"author":[{"embeddable":true,"href":"https:\/\/www.toque-musicall.com\/index.php?rest_route=\/wp\/v2\/users\/1"}],"replies":[{"embeddable":true,"href":"https:\/\/www.toque-musicall.com\/index.php?rest_route=%2Fwp%2Fv2%2Fcomments&post=948"}],"version-history":[{"count":0,"href":"https:\/\/www.toque-musicall.com\/index.php?rest_route=\/wp\/v2\/posts\/948\/revisions"}],"wp:attachment":[{"href":"https:\/\/www.toque-musicall.com\/index.php?rest_route=%2Fwp%2Fv2%2Fmedia&parent=948"}],"wp:term":[{"taxonomy":"category","embeddable":true,"href":"https:\/\/www.toque-musicall.com\/index.php?rest_route=%2Fwp%2Fv2%2Fcategories&post=948"},{"taxonomy":"post_tag","embeddable":true,"href":"https:\/\/www.toque-musicall.com\/index.php?rest_route=%2Fwp%2Fv2%2Ftags&post=948"}],"curies":[{"name":"wp","href":"https:\/\/api.w.org\/{rel}","templated":true}]}}