{"id":9480,"date":"2022-06-14T00:19:00","date_gmt":"2022-06-14T03:19:00","guid":{"rendered":"https:\/\/www.toque-musicall.com\/?p=9480"},"modified":"2022-06-15T00:22:21","modified_gmt":"2022-06-15T03:22:21","slug":"branco-de-oliveira-grafonola-1974","status":"publish","type":"post","link":"https:\/\/www.toque-musicall.com\/?p=9480","title":{"rendered":"Branco De Oliveira &#8211; Grafonola (1974)"},"content":{"rendered":"\n<figure class=\"wp-block-image size-large\"><img decoding=\"async\" src=\"https:\/\/blogger.googleusercontent.com\/img\/b\/R29vZ2xl\/AVvXsEj8COAPOkzEzvYUs00lozV92AHhvBB7u_HkNO7iVXP0smRhxqLp4dUU_vVrbFKZpXdU1NC_5zMj0ABQUPn-YLqpYUZfdkqr61wraV3MK8u-jvneOx-ylhSoOXG9N8BGbms0-wNKGHO7K-X1LIRGxLEGaKzV_lk67kuumwWYhhV3MlmTjjIUTJcJ3s3OfA\/w638-h640\/Capturar.JPG\" alt=\"\"\/><\/figure>\n\n\n\n<figure class=\"wp-block-image size-large\"><img decoding=\"async\" src=\"https:\/\/blogger.googleusercontent.com\/img\/b\/R29vZ2xl\/AVvXsEjEY7FNsqU1aIN4iI1jHDoPbPjjvbYcGo_F2bSAOMhVJxJHFSoylGe7oWtnPQ-4_8niUaxYzBv_bkkF1q8X3JlCP5cFEVRlSvkkl-UpdZ2AVhd2VrfDpncq4m_R3554aLSucCXZhc14lQUOKqzZopLnbNGJDzDz_sy4QDKo2Jf0MDeRnMDOThZrsSBckQ\/w640-h634\/Capturarb.JPG\" alt=\"\"\/><\/figure>\n\n\n<div class=\"separator\">Boa hora, amigos cultos e ocultos! Foi come\u00e7ar a postar esses disquinhos &#8216;singles&#8217; para me aparecerem mais. Acho que tenho muni\u00e7\u00e3o para at\u00e9 o fim do m\u00eas. Ser\u00e1 que vale a pena encarar? Estou pensando em continuar, tem muita coisa interessante para se conhecer na m\u00fasica portuguesa e vamos perceber que tamb\u00e9m temos muito em comum al\u00e9m da l\u00edngua.<\/div>\n<div class=\"separator\">E eis que temos para hoje este compacto do cantor Branco de Oliveira, lan\u00e7ado em 1974. Um disquinho curioso, como cabe a esses portugueses. Acho que neste caso eu n\u00e3o saberia nem definir as m\u00fasicas deste compacto. Nosso artista tamb\u00e9m n\u00e3o est\u00e1 t\u00e3o dispon\u00edvel na rede e as informa\u00e7\u00f5es s\u00e3o escassas. Ao que consta foi um artista que se destacou na m\u00fasica portuguesa nos anos 60 e 70. Come\u00e7ou tocando rock, foi &#8216;crooner&#8217; em orquestras e conjuntos profissionais. Foi dono de restaurante e se destacou tamb\u00e9m na televis\u00e3o. Gravou v\u00e1rios discos e em sua pr\u00f3pria editora e selo musical, a Metro-Som que existe at\u00e9 hoje, sendo a mais antiga de Portugal. Confiram nosso artista no GTM&#8230;<\/div>\n<div class=\"separator\">\u00a0<\/div>\n<div class=\"separator\">grafonola<\/div>\n<div class=\"separator\">cantar ao cantor<\/div>\n<div class=\"separator\">\u00a0<\/div>\n<div class=\"separator\">\u00a0<\/div>","protected":false},"excerpt":{"rendered":"<p>Boa hora, amigos cultos e ocultos! Foi come\u00e7ar a postar esses disquinhos &#8216;singles&#8217; para me aparecerem mais. Acho que tenho muni\u00e7\u00e3o para at\u00e9 o fim do m\u00eas. Ser\u00e1 que vale a pena encarar? Estou pensando em continuar, tem muita coisa &hellip; <a href=\"https:\/\/www.toque-musicall.com\/?p=9480\">Continue lendo <span class=\"meta-nav\">&rarr;<\/span><\/a><\/p>\n","protected":false},"author":1,"featured_media":0,"comment_status":"closed","ping_status":"closed","sticky":false,"template":"","format":"standard","meta":{"footnotes":""},"categories":[5161,5163,5162],"tags":[5165,3072,3266,5164],"class_list":["post-9480","post","type-post","status-publish","format-standard","hentry","category-branco-de-oliveira","category-interncional","category-selo-metro-som","tag-branco-de-oliveira","tag-compactos","tag-internacional","tag-selo-metro-som"],"_links":{"self":[{"href":"https:\/\/www.toque-musicall.com\/index.php?rest_route=\/wp\/v2\/posts\/9480","targetHints":{"allow":["GET"]}}],"collection":[{"href":"https:\/\/www.toque-musicall.com\/index.php?rest_route=\/wp\/v2\/posts"}],"about":[{"href":"https:\/\/www.toque-musicall.com\/index.php?rest_route=\/wp\/v2\/types\/post"}],"author":[{"embeddable":true,"href":"https:\/\/www.toque-musicall.com\/index.php?rest_route=\/wp\/v2\/users\/1"}],"replies":[{"embeddable":true,"href":"https:\/\/www.toque-musicall.com\/index.php?rest_route=%2Fwp%2Fv2%2Fcomments&post=9480"}],"version-history":[{"count":1,"href":"https:\/\/www.toque-musicall.com\/index.php?rest_route=\/wp\/v2\/posts\/9480\/revisions"}],"predecessor-version":[{"id":9481,"href":"https:\/\/www.toque-musicall.com\/index.php?rest_route=\/wp\/v2\/posts\/9480\/revisions\/9481"}],"wp:attachment":[{"href":"https:\/\/www.toque-musicall.com\/index.php?rest_route=%2Fwp%2Fv2%2Fmedia&parent=9480"}],"wp:term":[{"taxonomy":"category","embeddable":true,"href":"https:\/\/www.toque-musicall.com\/index.php?rest_route=%2Fwp%2Fv2%2Fcategories&post=9480"},{"taxonomy":"post_tag","embeddable":true,"href":"https:\/\/www.toque-musicall.com\/index.php?rest_route=%2Fwp%2Fv2%2Ftags&post=9480"}],"curies":[{"name":"wp","href":"https:\/\/api.w.org\/{rel}","templated":true}]}}