{"id":9482,"date":"2022-06-15T10:40:00","date_gmt":"2022-06-15T13:40:00","guid":{"rendered":"https:\/\/www.toque-musicall.com\/?p=9482"},"modified":"2022-06-17T10:45:41","modified_gmt":"2022-06-17T13:45:41","slug":"jose-almada-mendigos-1970","status":"publish","type":"post","link":"https:\/\/www.toque-musicall.com\/?p=9482","title":{"rendered":"Jos\u00e9 Almada &#8211; Mendigos (1970"},"content":{"rendered":"\n<figure class=\"wp-block-image size-large\"><img decoding=\"async\" src=\"https:\/\/blogger.googleusercontent.com\/img\/b\/R29vZ2xl\/AVvXsEjvDTwez2m69hkMUVxKv05l-5ZKIjdr2d0m74O1RGkc4rl52fXkuWyRZ85eR74ClYwD4gl7z1vOZmrSKdEuGhnBa4H_y9uOPiWhYxwbpiWdU60I2Ep1kXi5Ycch9IVI8hnGZ5ZhgdbWfKGznNdPP2kJEMWTzYbSfIIwB2EhZs-nAW8NIYicHiKRCllDxQ\/w638-h640\/Capturar%20f.JPG\" alt=\"\"\/><\/figure>\n\n\n\n<figure class=\"wp-block-image size-large\"><img decoding=\"async\" src=\"https:\/\/blogger.googleusercontent.com\/img\/b\/R29vZ2xl\/AVvXsEhSwfbghNknyTJ4TCLG9wkExZj4PYvhFtK-VqMAWOxt2nWV_B_YrmlCDL6gXQm5yfC5-b-U3JN7QdPeRrVaU_-tP1brs4vxQ4VaU91L9cPCoymRXZrIevsW3XM3288YzrRBcC8DaNkkDPqpQwwxWjcVHiZEaRQUaUZ2yE1Bn_STrznol36hqZcQeHeEvQ\/w636-h640\/Capturar.JPG\" alt=\"\"\/><\/figure>\n\n\n<div class=\"separator\">Muito bom dia a todos, amigos cultos e ocultos! Seguindo em nossa mostra portuguesa de discos compactos, hoje temos a presen\u00e7a do cantor e compositor Jos\u00e9 Almada, um artista que at\u00e9 mesmo na &#8216;terrinha&#8217; passou meio que despercebido e isso se deve tamb\u00e9m ao fato dele ter gravado poucos discos at\u00e9 hoje. Iniciou-se no disco aos 17 anos, conforme o texto de contracapa. Este compacto foi lan\u00e7ado no mesmo ano em que lan\u00e7ou tamb\u00e9m seu lp, &#8220;Homenagem&#8221;, considerando um dos grandes \u00e1lbuns da m\u00fasica popular portuguesa. Seria uma pr\u00e9via do lp, hoje, uma raridade, visto que boa parte dos discos de artistas portugueses n\u00e3o tiveram reedi\u00e7\u00e3o, nem em cd. O que torna iniciativas como esta no Toque Musical de grande import\u00e2ncia, principalmente para os amigos portugueses que tamb\u00e9m est\u00e3o sempre por aqui. Confiram este disquinho no GTM.<\/div>\n<div class=\"separator\">\u00a0<\/div>\n<div class=\"separator\">h\u00f3spede<\/div>\n<div class=\"separator\">vento su\u00e3o<\/div>\n<div class=\"separator\">anda madra\u00e7o<\/div>\n<div class=\"separator\">mendigo<\/div>\n<div class=\"separator\">\u00a0<\/div>\n<div class=\"separator\">\u00a0<\/div>\n<div class=\"separator\">.<\/div>","protected":false},"excerpt":{"rendered":"<p>Muito bom dia a todos, amigos cultos e ocultos! Seguindo em nossa mostra portuguesa de discos compactos, hoje temos a presen\u00e7a do cantor e compositor Jos\u00e9 Almada, um artista que at\u00e9 mesmo na &#8216;terrinha&#8217; passou meio que despercebido e isso &hellip; <a href=\"https:\/\/www.toque-musicall.com\/?p=9482\">Continue lendo <span class=\"meta-nav\">&rarr;<\/span><\/a><\/p>\n","protected":false},"author":1,"featured_media":0,"comment_status":"closed","ping_status":"closed","sticky":false,"template":"","format":"standard","meta":{"footnotes":""},"categories":[5166],"tags":[3072,5149,5168,5139],"class_list":["post-9482","post","type-post","status-publish","format-standard","hentry","category-jose-almada","tag-compactos","tag-internancional","tag-jose-almada","tag-selo-zip-zip"],"_links":{"self":[{"href":"https:\/\/www.toque-musicall.com\/index.php?rest_route=\/wp\/v2\/posts\/9482","targetHints":{"allow":["GET"]}}],"collection":[{"href":"https:\/\/www.toque-musicall.com\/index.php?rest_route=\/wp\/v2\/posts"}],"about":[{"href":"https:\/\/www.toque-musicall.com\/index.php?rest_route=\/wp\/v2\/types\/post"}],"author":[{"embeddable":true,"href":"https:\/\/www.toque-musicall.com\/index.php?rest_route=\/wp\/v2\/users\/1"}],"replies":[{"embeddable":true,"href":"https:\/\/www.toque-musicall.com\/index.php?rest_route=%2Fwp%2Fv2%2Fcomments&post=9482"}],"version-history":[{"count":1,"href":"https:\/\/www.toque-musicall.com\/index.php?rest_route=\/wp\/v2\/posts\/9482\/revisions"}],"predecessor-version":[{"id":9483,"href":"https:\/\/www.toque-musicall.com\/index.php?rest_route=\/wp\/v2\/posts\/9482\/revisions\/9483"}],"wp:attachment":[{"href":"https:\/\/www.toque-musicall.com\/index.php?rest_route=%2Fwp%2Fv2%2Fmedia&parent=9482"}],"wp:term":[{"taxonomy":"category","embeddable":true,"href":"https:\/\/www.toque-musicall.com\/index.php?rest_route=%2Fwp%2Fv2%2Fcategories&post=9482"},{"taxonomy":"post_tag","embeddable":true,"href":"https:\/\/www.toque-musicall.com\/index.php?rest_route=%2Fwp%2Fv2%2Ftags&post=9482"}],"curies":[{"name":"wp","href":"https:\/\/api.w.org\/{rel}","templated":true}]}}