{"id":9484,"date":"2022-06-16T10:45:00","date_gmt":"2022-06-16T13:45:00","guid":{"rendered":"https:\/\/www.toque-musicall.com\/?p=9484"},"modified":"2022-06-17T10:49:28","modified_gmt":"2022-06-17T13:49:28","slug":"maria-guinot-maria-1968","status":"publish","type":"post","link":"https:\/\/www.toque-musicall.com\/?p=9484","title":{"rendered":"Maria Guinot &#8211; Maria! (1968)"},"content":{"rendered":"\n<figure class=\"wp-block-image size-large\"><img decoding=\"async\" src=\"https:\/\/blogger.googleusercontent.com\/img\/b\/R29vZ2xl\/AVvXsEgSJ0h7__LMqql4_6dFu660uGmak-HeigimRidQF7pXgE13XZKe-W0cbwlBnnkAsDsyye20AYokUl7rzZo5PIvqqvE8Byrh4nbHSCg0v8yBM73mI2Ys1ouiSPwJ0JFOyvtOCNu6PdB2yx-grZEdXJIWM3AOfOxvRnuJPVmedDC-5sHT7U7ftcxU9taC3g\/w634-h640\/Capturarf.JPG\" alt=\"\"\/><\/figure>\n\n\n\n<figure class=\"wp-block-image size-large\"><img decoding=\"async\" src=\"https:\/\/blogger.googleusercontent.com\/img\/b\/R29vZ2xl\/AVvXsEj8fPipz4JIjJ813cbCG2U-XiwNb5PmHD7pWtS9VlqSVL9ehtwbGr_hKGjgweTjDERfh0-I2tvjq-SziIkMx5rO7UXCB1f3eO5pQxQwtd5Xmwz3tlnSOvdCn_iOyUggTMbHKh62pHbFWXIFLia4-wh28rJtIah8ylVgSfaB_OHhemohiY-eO-F6mkwUtg\/w640-h622\/Capturar.JPG\" alt=\"\"\/><\/figure>\n\n\n<div class=\"separator\">Boa hora, amigos cultos e ocultos! Hoje, nosso encontro portugu\u00eas \u00e9 com a cantora Maria Guinot em seu disco de estreia, um compacto duplo no qual trazia uma m\u00fasica que se destacou nas r\u00e1dios portuguesas, &#8220;Crian\u00e7a loura&#8221;. Ainda naquele final dos anos 60 ela gravou mais um compacto e s\u00f3 voltaria a gravar nos anos 80. Sua discografia \u00e9 pequena, mas atuou em diversos colet\u00e2neas, eventos e festivais promovidos pelas r\u00e1dios e tvs de Portugal. Confiram no GTM&#8230;<\/div>\n<div class=\"separator\">\u00a0<\/div>\n<div class=\"separator\">la m\u00e9re sans enfant<\/div>\n<div class=\"separator\">toi, mon ami<\/div>\n<div class=\"separator\">a can\u00e7\u00e3o que eu canto<\/div>\n<div class=\"separator\">crian\u00e7a loura<\/div>\n<div class=\"separator\">\u00a0<\/div>\n<div class=\"separator\">\u00a0<\/div>\n<div class=\"separator\">.<\/div>","protected":false},"excerpt":{"rendered":"<p>Boa hora, amigos cultos e ocultos! Hoje, nosso encontro portugu\u00eas \u00e9 com a cantora Maria Guinot em seu disco de estreia, um compacto duplo no qual trazia uma m\u00fasica que se destacou nas r\u00e1dios portuguesas, &#8220;Crian\u00e7a loura&#8221;. Ainda naquele final &hellip; <a href=\"https:\/\/www.toque-musicall.com\/?p=9484\">Continue lendo <span class=\"meta-nav\">&rarr;<\/span><\/a><\/p>\n","protected":false},"author":1,"featured_media":0,"comment_status":"closed","ping_status":"closed","sticky":false,"template":"","format":"standard","meta":{"footnotes":""},"categories":[5169],"tags":[3072,5149,5170,5171],"class_list":["post-9484","post","type-post","status-publish","format-standard","hentry","category-maria-guinot","tag-compactos","tag-internancional","tag-maria-guinot","tag-selo-alvorada"],"_links":{"self":[{"href":"https:\/\/www.toque-musicall.com\/index.php?rest_route=\/wp\/v2\/posts\/9484","targetHints":{"allow":["GET"]}}],"collection":[{"href":"https:\/\/www.toque-musicall.com\/index.php?rest_route=\/wp\/v2\/posts"}],"about":[{"href":"https:\/\/www.toque-musicall.com\/index.php?rest_route=\/wp\/v2\/types\/post"}],"author":[{"embeddable":true,"href":"https:\/\/www.toque-musicall.com\/index.php?rest_route=\/wp\/v2\/users\/1"}],"replies":[{"embeddable":true,"href":"https:\/\/www.toque-musicall.com\/index.php?rest_route=%2Fwp%2Fv2%2Fcomments&post=9484"}],"version-history":[{"count":1,"href":"https:\/\/www.toque-musicall.com\/index.php?rest_route=\/wp\/v2\/posts\/9484\/revisions"}],"predecessor-version":[{"id":9485,"href":"https:\/\/www.toque-musicall.com\/index.php?rest_route=\/wp\/v2\/posts\/9484\/revisions\/9485"}],"wp:attachment":[{"href":"https:\/\/www.toque-musicall.com\/index.php?rest_route=%2Fwp%2Fv2%2Fmedia&parent=9484"}],"wp:term":[{"taxonomy":"category","embeddable":true,"href":"https:\/\/www.toque-musicall.com\/index.php?rest_route=%2Fwp%2Fv2%2Fcategories&post=9484"},{"taxonomy":"post_tag","embeddable":true,"href":"https:\/\/www.toque-musicall.com\/index.php?rest_route=%2Fwp%2Fv2%2Ftags&post=9484"}],"curies":[{"name":"wp","href":"https:\/\/api.w.org\/{rel}","templated":true}]}}