{"id":9487,"date":"2022-06-17T07:36:00","date_gmt":"2022-06-17T10:36:00","guid":{"rendered":"https:\/\/www.toque-musicall.com\/?p=9487"},"modified":"2022-06-19T07:39:16","modified_gmt":"2022-06-19T10:39:16","slug":"vieira-da-silva-cancao-para-um-povo-triste-1969","status":"publish","type":"post","link":"https:\/\/www.toque-musicall.com\/?p=9487","title":{"rendered":"Vieira Da Silva &#8211; Can\u00e7\u00e3o Para Um Povo Triste (1969)"},"content":{"rendered":"\n<figure class=\"wp-block-image size-large\"><img decoding=\"async\" src=\"https:\/\/blogger.googleusercontent.com\/img\/b\/R29vZ2xl\/AVvXsEiRLSyegfVysNeZdaI9810mIPWCVdFrGuXnJ_UCFfcUYHFlDVZ8DKfzvk3eJN8DPYfiYyoLDv0C_-EwGH5_Y6ZUpTI0u7ilUB32M4IDzn1paP8Jsoa_1hQpGFYFDnxczyMIK4PwPqvkDthLM8AcBOB9Z935lQsMh9kZbtdFsS_qfk0Zh1LahXKe_simnw\/w636-h640\/Capturarf.JPG\" alt=\"\"\/><\/figure>\n\n\n\n<figure class=\"wp-block-image size-large\"><img decoding=\"async\" src=\"https:\/\/blogger.googleusercontent.com\/img\/b\/R29vZ2xl\/AVvXsEhvWRSUXxHybTuv9qnf8xEY4hysGROKoVo-yEze9jN5NocBHtvtRQeYq6mMueeu_8IV2gFq9kAF1mD_EjURg8nO4M7WJnKYCnFgp99JlhcOKjZiIHgGdnqOdWt7vSm1avwnH-RZ4n-RPTL0a_VC85kYvTrFLRWQuy1Q4U0TXDpqql3gnX7_aBcbTjeQIQ\/w640-h634\/Capturar.JPG\" alt=\"\"\/><\/figure>\n\n\n<div class=\"separator\">Ol\u00e1, amigos cultos e ocultos! Hoje nosso encontro portugu\u00eas \u00e9 com Ant\u00f3nio Viera da Silva, cantor, compositor e poeta. Nos anos 60 participou ativamente do movimento de renova\u00e7\u00e3o da m\u00fasica portuguesa, ao lado Adriano Correia e Jos\u00e9 Afonso, dois outros grandes nomes da m\u00fasica portuguesa. Vieira da Silva gravou poucos discos, entre os anos 60 e 70, mas ap\u00f3s se formar em medicina, acabou em sua arte ficando apenas com a poesia. O presente compacto, de sete polegadas, foi seu primeiro disco, gravado em 1969 e como tantos ouros naquela \u00e9poca, foi censurado e apreendido pela ditadura. Nunca chegou a ser reeditado, ent\u00e3o, este \u00e9 mais um registro que vale a pena conhecer, inclusive por n\u00f3s brasileiros, pois nesse sentido o povo portugu\u00eas \u00e9 bem mais aguerrido, bem mais consciente e pol\u00edtico do que n\u00f3s. Que nos sirva de li\u00e7\u00e3o, de exemplo em nossa luta por uma democracia verdadeira. Confiram o disquinho no GTM&#8230;<\/div>\n<div class=\"separator\">\u00a0<\/div>\n<div class=\"separator\">can\u00e7\u00e3o para um povo triste<\/div>\n<div class=\"separator\">balada para o menino do dia de hoje<\/div>\n<div class=\"separator\">balada do soldadinho<\/div>\n<div class=\"separator\">auto-retrato para uma humanidade<\/div>\n<div class=\"separator\">\u00a0<\/div>\n<div class=\"separator\">.<\/div>\n<div class=\"separator\">\u00a0<\/div>","protected":false},"excerpt":{"rendered":"<p>Ol\u00e1, amigos cultos e ocultos! Hoje nosso encontro portugu\u00eas \u00e9 com Ant\u00f3nio Viera da Silva, cantor, compositor e poeta. Nos anos 60 participou ativamente do movimento de renova\u00e7\u00e3o da m\u00fasica portuguesa, ao lado Adriano Correia e Jos\u00e9 Afonso, dois outros &hellip; <a href=\"https:\/\/www.toque-musicall.com\/?p=9487\">Continue lendo <span class=\"meta-nav\">&rarr;<\/span><\/a><\/p>\n","protected":false},"author":1,"featured_media":0,"comment_status":"closed","ping_status":"closed","sticky":false,"template":"","format":"standard","meta":{"footnotes":""},"categories":[5172],"tags":[3072,5149,5174,5173],"class_list":["post-9487","post","type-post","status-publish","format-standard","hentry","category-vieira-da-silva","tag-compactos","tag-internancional","tag-selo-rr","tag-vieira-da-silva"],"_links":{"self":[{"href":"https:\/\/www.toque-musicall.com\/index.php?rest_route=\/wp\/v2\/posts\/9487","targetHints":{"allow":["GET"]}}],"collection":[{"href":"https:\/\/www.toque-musicall.com\/index.php?rest_route=\/wp\/v2\/posts"}],"about":[{"href":"https:\/\/www.toque-musicall.com\/index.php?rest_route=\/wp\/v2\/types\/post"}],"author":[{"embeddable":true,"href":"https:\/\/www.toque-musicall.com\/index.php?rest_route=\/wp\/v2\/users\/1"}],"replies":[{"embeddable":true,"href":"https:\/\/www.toque-musicall.com\/index.php?rest_route=%2Fwp%2Fv2%2Fcomments&post=9487"}],"version-history":[{"count":1,"href":"https:\/\/www.toque-musicall.com\/index.php?rest_route=\/wp\/v2\/posts\/9487\/revisions"}],"predecessor-version":[{"id":9488,"href":"https:\/\/www.toque-musicall.com\/index.php?rest_route=\/wp\/v2\/posts\/9487\/revisions\/9488"}],"wp:attachment":[{"href":"https:\/\/www.toque-musicall.com\/index.php?rest_route=%2Fwp%2Fv2%2Fmedia&parent=9487"}],"wp:term":[{"taxonomy":"category","embeddable":true,"href":"https:\/\/www.toque-musicall.com\/index.php?rest_route=%2Fwp%2Fv2%2Fcategories&post=9487"},{"taxonomy":"post_tag","embeddable":true,"href":"https:\/\/www.toque-musicall.com\/index.php?rest_route=%2Fwp%2Fv2%2Ftags&post=9487"}],"curies":[{"name":"wp","href":"https:\/\/api.w.org\/{rel}","templated":true}]}}