{"id":9491,"date":"2022-06-19T22:53:00","date_gmt":"2022-06-20T01:53:00","guid":{"rendered":"https:\/\/www.toque-musicall.com\/?p=9491"},"modified":"2022-06-20T23:01:02","modified_gmt":"2022-06-21T02:01:02","slug":"jose-afonso-coimbra-1960","status":"publish","type":"post","link":"https:\/\/www.toque-musicall.com\/?p=9491","title":{"rendered":"Jos\u00e9 Afonso &#8211; Coimbra (1960)"},"content":{"rendered":"\n<figure class=\"wp-block-image size-large\"><img decoding=\"async\" src=\"https:\/\/blogger.googleusercontent.com\/img\/b\/R29vZ2xl\/AVvXsEhFJ1xGJjv0SxuqK6eWP-iM3Tu7IuPgg5IOkhFK-dGIQpooT6UdQxQ6BzvNL0vgVB0NYYGokJNeE7Ef4AcfW8L6-tgQxdWNueZL7tFpqGBB0QZvPaOp7VWiEobyL7GLXSou50UFa0-fK0fXI9hQOjeDW29dbDCO-QY6zVeIMNzOf3LmujqpRw0QpNhAjQ\/w640-h640\/Capturarf.JPG\" alt=\"\"\/><\/figure>\n\n\n\n<figure class=\"wp-block-image size-large\"><img decoding=\"async\" src=\"https:\/\/blogger.googleusercontent.com\/img\/b\/R29vZ2xl\/AVvXsEiiLrsV1gONUp0wUAdIAsfh-C_DTiDepqOJ-ToA12iscEiYc442qBsudsZcjrG_RyXMy9myCFrbAX6QGmasRL7XH8CUmW5vVKOaloX2O0Lg_6T-Tz-gcyfSRW27Et2nfmWY83f5JS_z1QZxEfrdNTxpqerS37Ng7zlYfdKR5UFVe9zH6HnuIc7rR_o1iw\/w640-h612\/Capturar.JPG\" alt=\"\"\/><\/figure>\n\n\n<div class=\"separator\">Boa hora, meus car\u00edssimos amigos cultos e ocultos! Entre os v\u00e1rios disquinhos compactos, o do Jos\u00e9 Afonso n\u00e3o poderia faltar, sendo este um dos mais queridos artistas portugueses da m\u00fasica de protesto. Conhecido, principalmente aqui no Brasil, pela m\u00fasica &#8220;Gr\u00e2ndola, Vila Morena, que foi uma das &#8216;trilhas&#8217; da Revolu\u00e7\u00e3o do 25 de Abril. Aqui temos ele neste compacto de 1960, lan\u00e7ado pelo selo Alvorada. Neste per\u00edodo Zeca Afonso ainda n\u00e3o era um cantor de protesto e aqui, ao contr\u00e1rio do que havia dito logo no in\u00edcio dessa mostra, n\u00e3o ter\u00edamos os fados. Mas desses n\u00e3o temos como fugir, assim como falar de m\u00fasica brasileira sem incluir o samba. Ent\u00e3o, aqui v\u00e3o eles, tr\u00eas fados e uma can\u00e7\u00e3o, sendo apenas a can\u00e7\u00e3o &#8220;Balada&#8221; de autoria de Jos\u00e9 Afonso. Confiram no GTM&#8230;<\/div>\n<div class=\"separator\">\u00a0<\/div>\n<div class=\"separator\">mar largo<\/div>\n<div class=\"separator\">solit\u00e1rio<\/div>\n<div class=\"separator\">aquela mo\u00e7a da aldeia<\/div>\n<div class=\"separator\">balada<\/div>\n<div class=\"separator\">\u00a0<\/div>\n<div class=\"separator\">\u00a0<\/div>\n<div class=\"separator\">.<\/div>\n<div class=\"separator\">\u00a0<\/div>","protected":false},"excerpt":{"rendered":"<p>Boa hora, meus car\u00edssimos amigos cultos e ocultos! Entre os v\u00e1rios disquinhos compactos, o do Jos\u00e9 Afonso n\u00e3o poderia faltar, sendo este um dos mais queridos artistas portugueses da m\u00fasica de protesto. Conhecido, principalmente aqui no Brasil, pela m\u00fasica &#8220;Gr\u00e2ndola, &hellip; <a href=\"https:\/\/www.toque-musicall.com\/?p=9491\">Continue lendo <span class=\"meta-nav\">&rarr;<\/span><\/a><\/p>\n","protected":false},"author":1,"featured_media":0,"comment_status":"closed","ping_status":"closed","sticky":false,"template":"","format":"standard","meta":{"footnotes":""},"categories":[5179],"tags":[3072,5149,5180,5171],"class_list":["post-9491","post","type-post","status-publish","format-standard","hentry","category-selo-alvorada","tag-compactos","tag-internancional","tag-jose-afonso","tag-selo-alvorada"],"_links":{"self":[{"href":"https:\/\/www.toque-musicall.com\/index.php?rest_route=\/wp\/v2\/posts\/9491","targetHints":{"allow":["GET"]}}],"collection":[{"href":"https:\/\/www.toque-musicall.com\/index.php?rest_route=\/wp\/v2\/posts"}],"about":[{"href":"https:\/\/www.toque-musicall.com\/index.php?rest_route=\/wp\/v2\/types\/post"}],"author":[{"embeddable":true,"href":"https:\/\/www.toque-musicall.com\/index.php?rest_route=\/wp\/v2\/users\/1"}],"replies":[{"embeddable":true,"href":"https:\/\/www.toque-musicall.com\/index.php?rest_route=%2Fwp%2Fv2%2Fcomments&post=9491"}],"version-history":[{"count":1,"href":"https:\/\/www.toque-musicall.com\/index.php?rest_route=\/wp\/v2\/posts\/9491\/revisions"}],"predecessor-version":[{"id":9492,"href":"https:\/\/www.toque-musicall.com\/index.php?rest_route=\/wp\/v2\/posts\/9491\/revisions\/9492"}],"wp:attachment":[{"href":"https:\/\/www.toque-musicall.com\/index.php?rest_route=%2Fwp%2Fv2%2Fmedia&parent=9491"}],"wp:term":[{"taxonomy":"category","embeddable":true,"href":"https:\/\/www.toque-musicall.com\/index.php?rest_route=%2Fwp%2Fv2%2Fcategories&post=9491"},{"taxonomy":"post_tag","embeddable":true,"href":"https:\/\/www.toque-musicall.com\/index.php?rest_route=%2Fwp%2Fv2%2Ftags&post=9491"}],"curies":[{"name":"wp","href":"https:\/\/api.w.org\/{rel}","templated":true}]}}