{"id":9494,"date":"2022-06-20T08:31:00","date_gmt":"2022-06-20T11:31:00","guid":{"rendered":"https:\/\/www.toque-musicall.com\/?p=9494"},"modified":"2022-06-21T08:35:43","modified_gmt":"2022-06-21T11:35:43","slug":"jose-afonso-viva-o-poder-popular-1975","status":"publish","type":"post","link":"https:\/\/www.toque-musicall.com\/?p=9494","title":{"rendered":"Jos\u00e9 Afonso &#8211; Viva O Poder Popular (1975)"},"content":{"rendered":"\n<figure class=\"wp-block-image size-large\"><img decoding=\"async\" src=\"https:\/\/blogger.googleusercontent.com\/img\/b\/R29vZ2xl\/AVvXsEiFkTzfXCj8HiiEGteyylPLfIP1jZnejfHCSjqrzrkF3dUuALKtJASv0PcIpt5sxxLPje2f9AZqbNf3UsDEFpiRDNTFri0y4Vd8cE7Dn9USBuX6jDhkVPoz9zAUYxuoah9f2mNenze-jbm9YOD_msW6vUlg0iOFwzMq6gTRobWPeYzRAhgcdKNNIqjWKQ\/w640-h638\/Capturarf.JPG\" alt=\"\"\/><\/figure>\n\n\n\n<figure class=\"wp-block-image size-large\"><img decoding=\"async\" src=\"https:\/\/blogger.googleusercontent.com\/img\/b\/R29vZ2xl\/AVvXsEh8JezFQBpeOMe3kWdowphM09yfmbmD2TvcdoPtUTtztlZ9CzARKBWgyqjsLS2fQ3xkydnCq48yGkh0aPU7k8nHaX7rjP51bKZMTDaDR18nqkTDUPxR2udhCefkxz8_F8pUYyENDd2DBeOb-p_7t5ygKL0mVFeJIg0SHd-9iPceIxuvL5OzroHvJ7zNxQ\/w638-h640\/Capturar.JPG\" alt=\"\"\/><\/figure>\n\n\n<div class=\"separator\">Bom dia, meus camaradas, amigos cultos e ocultos! Como disse, temos aqui muitos discos e arquivos da m\u00fasica popular portuguesa, se fossemos postar todos, ficar\u00edamos nessa por mais algumas semanas. Com certeza, todos aqui devem estar gostando, visto pelo n\u00famero de visitantes ao Toque Musical. E assim sendo, vamos dar sequencia, trazendo ainda mais alguns disquinhos. A ideia era postar apenas um disco de cada artista aqui dispon\u00edvel, mas no caso do Zeca Afonso, vamos com mais um&#8230; ali\u00e1s, era este o disquinho que deveria ter entrado. Mas, antes ter a mais do que ter a menos, n\u00e3o \u00e9 mesmo?<\/div>\n<div class=\"separator\">Ent\u00e3o, temos aqui um compacto dos mais interessantes, lan\u00e7ado em 1975. Jos\u00e9 Afonso nos apresenta dois temas que fazem referencia aos acontecimentos pol\u00edticos ocorridos em 7 de mar\u00e7o de 1975, em Set\u00fabal e em manifesto cantado em defesa de ideais de soberania popular. Bem apropriado para o nosso momento, aqui no Brasil, tanto politicamente falando, quanto musicalmente, onde temos em &#8220;Viva o poder popular&#8221;, por exemplo, um ritmo semelhante a nossa quadrilha de festas juninas. D\u00e1 at\u00e9 para dan\u00e7ar na fogueira esse manifesto. \u00c9 isso a\u00ed, viva o poder popular, pois popular de verdade tem consci\u00eancia de classe, o resto \u00e9 gado!<\/div>\n<div class=\"separator\">\u00a0<\/div>\n<div class=\"separator\">viva o poder popular<\/div>\n<div class=\"separator\">foi na cidade do sado<\/div>\n<div class=\"separator\">\u00a0<\/div>\n<div class=\"separator\">.<\/div>","protected":false},"excerpt":{"rendered":"<p>Bom dia, meus camaradas, amigos cultos e ocultos! Como disse, temos aqui muitos discos e arquivos da m\u00fasica popular portuguesa, se fossemos postar todos, ficar\u00edamos nessa por mais algumas semanas. Com certeza, todos aqui devem estar gostando, visto pelo n\u00famero &hellip; <a href=\"https:\/\/www.toque-musicall.com\/?p=9494\">Continue lendo <span class=\"meta-nav\">&rarr;<\/span><\/a><\/p>\n","protected":false},"author":1,"featured_media":0,"comment_status":"closed","ping_status":"closed","sticky":false,"template":"","format":"standard","meta":{"footnotes":""},"categories":[5181],"tags":[3072,5149,5180,5182],"class_list":["post-9494","post","type-post","status-publish","format-standard","hentry","category-selo-edicao-luar","tag-compactos","tag-internancional","tag-jose-afonso","tag-selo-edicao-luar"],"_links":{"self":[{"href":"https:\/\/www.toque-musicall.com\/index.php?rest_route=\/wp\/v2\/posts\/9494","targetHints":{"allow":["GET"]}}],"collection":[{"href":"https:\/\/www.toque-musicall.com\/index.php?rest_route=\/wp\/v2\/posts"}],"about":[{"href":"https:\/\/www.toque-musicall.com\/index.php?rest_route=\/wp\/v2\/types\/post"}],"author":[{"embeddable":true,"href":"https:\/\/www.toque-musicall.com\/index.php?rest_route=\/wp\/v2\/users\/1"}],"replies":[{"embeddable":true,"href":"https:\/\/www.toque-musicall.com\/index.php?rest_route=%2Fwp%2Fv2%2Fcomments&post=9494"}],"version-history":[{"count":1,"href":"https:\/\/www.toque-musicall.com\/index.php?rest_route=\/wp\/v2\/posts\/9494\/revisions"}],"predecessor-version":[{"id":9495,"href":"https:\/\/www.toque-musicall.com\/index.php?rest_route=\/wp\/v2\/posts\/9494\/revisions\/9495"}],"wp:attachment":[{"href":"https:\/\/www.toque-musicall.com\/index.php?rest_route=%2Fwp%2Fv2%2Fmedia&parent=9494"}],"wp:term":[{"taxonomy":"category","embeddable":true,"href":"https:\/\/www.toque-musicall.com\/index.php?rest_route=%2Fwp%2Fv2%2Fcategories&post=9494"},{"taxonomy":"post_tag","embeddable":true,"href":"https:\/\/www.toque-musicall.com\/index.php?rest_route=%2Fwp%2Fv2%2Ftags&post=9494"}],"curies":[{"name":"wp","href":"https:\/\/api.w.org\/{rel}","templated":true}]}}