{"id":95,"date":"2012-04-11T04:10:00","date_gmt":"2012-04-11T04:10:00","guid":{"rendered":"http:\/\/www.toque-musicall.com\/?p=95"},"modified":"2012-04-11T04:10:00","modified_gmt":"2012-04-11T04:10:00","slug":"projeto-pixinguinha-coletanea-especial-do-toque-musical-2012","status":"publish","type":"post","link":"https:\/\/www.toque-musicall.com\/?p=95","title":{"rendered":"Projeto Pixinguinha &#8211; Colet\u00e2nea Especial Do Toque Musical (2012)"},"content":{"rendered":"<p><a href=\"http:\/\/1.bp.blogspot.com\/-P9MxA6Sd1Sk\/T4UFCOsBs6I\/AAAAAAAABfk\/q_uHOO_Nl_4\/s1600\/CAPAp.JPG\"><img decoding=\"async\" style=\"display:block; margin:0px auto 10px; text-align:center;cursor:pointer; cursor:hand;width: 400px; height: 400px;\" src=\"http:\/\/1.bp.blogspot.com\/-P9MxA6Sd1Sk\/T4UFCOsBs6I\/AAAAAAAABfk\/q_uHOO_Nl_4\/s400\/CAPAp.JPG\" border=\"0\" alt=\"\" id=\"BLOGGER_PHOTO_ID_5729991636759458722\" \/><\/a><a href=\"http:\/\/2.bp.blogspot.com\/-IrNZof24XV4\/T4UE33OnTcI\/AAAAAAAABfY\/cO5CdlGkTDw\/s1600\/CONTRACAPAp.JPG\"><img decoding=\"async\" style=\"display:block; margin:0px auto 10px; text-align:center;cursor:pointer; cursor:hand;width: 400px; height: 400px;\" src=\"http:\/\/2.bp.blogspot.com\/-IrNZof24XV4\/T4UE33OnTcI\/AAAAAAAABfY\/cO5CdlGkTDw\/s400\/CONTRACAPAp.JPG\" border=\"0\" alt=\"\" id=\"BLOGGER_PHOTO_ID_5729991458663386562\" \/><\/a><br \/><span   style=\"color: rgb(255, 255, 255);   line-height: 18px; font-family:Arial, Tahoma, Helvetica, FreeSans, sans-serif;font-size:13px;\">Boa noite, amigos cultos, cultos e associados! Chegamos \u00e0 mais um s\u00e1bado de colet\u00e2neas. Aleluia! Para o dia de hoje eu estou trazendo um sele\u00e7\u00e3o de alguns registros ao vivo, do memor\u00e1vel &#8220;Projeto Pixinguinha&#8221;, ainda em suas primeiras edi\u00e7\u00f5es. Este famoso projeto musical foi, de uma certa forma, idealizado (ou viabilizado) por Herm\u00ednio Bello de Carvalho, ent\u00e3o vice presidente da Sombras (Sociedade Musical Brasileira). Inspirado na s\u00e9rie &#8220;Seis e Meia&#8221;, de shows, com ingressos a pre\u00e7os populares, que acontecia no Teatro Jo\u00e3o Caetano (RJ), em 1976. O Projeto nasceu em 1977, reunindo diversos artistas da MPB. Eram colocados num mesmo espet\u00e1culo dois ou tr\u00eas nomes, iniciantes e veteranos. Uma &#8216;dobradinha&#8217; musical de sucesso que fez hist\u00f3ria e mereceu novas edi\u00e7\u00f5es. Bom, mas essa hist\u00f3ria quem conta em detalhes \u00e9 o site da Funarte, o <a href=\"http:\/\/www.funarte.gov.br\/brasilmemoriadasartes\/\" style=\"text-decoration: none; color: rgb(250, 6, 6); \">&#8220;Brasil Mem\u00f3ra das Artes&#8221;<\/a>, que busca digitalizar um acervo de imagens, \u00e1udios e v\u00eddeos precios\u00edssimo e que para a nossa felicidade est\u00e1 totalmente dispon\u00edvel. Uma iniciativa super bacana que merece ser explorada. Dentro desta &#8216;explora\u00e7\u00e3o&#8217;, eu tomei o trabalho de extrair todos os \u00e1udios, as grava\u00e7\u00f5es do Projeto Pixinguinha. Que coisa fascinante, passei o dia de hoje s\u00f3 por conta disso. Minha ideia inicial n\u00e3o era a de copiar esses arquivos, mas vendo a dificuldade de muitos em acessar os arquivos atrav\u00e9s de uma conex\u00e3o &#8216;meia boca banda larga&#8217;, achei que seria uma boa copilar tudo, criando assim alguns &#8216;disquinhos virtuais&#8217;, t\u00edpicos aqui do Toque Musical. Agora todos podem ter realmente acesso \u00e0s grava\u00e7\u00f5es, sem necessariamente depender de uma conex\u00e3o cont\u00ednua, que muitas vezes sofre interrup\u00e7\u00f5es (\u00e9 um saco isso). Por outro lado, espero estar tamb\u00e9m ajudando a divulgar esse maravilhoso site de cultura. Pretendo ir, ao longo do tempo, apresentando aqui as diversas grava\u00e7\u00f5es, em edi\u00e7\u00f5es como esta. Teremos, em produ\u00e7\u00f5es exclusivas, as grava\u00e7\u00f5es dos shows, editadas e remixadas, com capinhas atraentes (como se precisasse) que ir\u00e3o certamente agradar a todos no GTM.<\/p>\n<div>Neste primeiro momento, eu fiz um apanhado de arquivos avulsos, extra\u00eddos de diferentes shows e artistas, apenas para &#8216;molhar o bico&#8217; \ud83d\ude09 Espero que voc\u00eas gostem&#8230;<\/div>\n<div><\/div>\n<div style=\"text-align: center; \">poema da rosa &#8211; jards macal\u00e9<\/div>\n<div style=\"text-align: center; \">na subida do morro &#8211; moreira da silva<\/div>\n<div style=\"text-align: center; \">p\u00e9rola negra &#8211; luiz melodia<\/div>\n<div style=\"text-align: center; \">rita baiana &#8211; zez\u00e9 motta<\/div>\n<div style=\"text-align: center; \">t\u00e3o f\u00e1cil &#8211; marina lima<\/div>\n<div style=\"text-align: center; \">peda\u00e7o de can\u00e7\u00e3o &#8211; moraes moreira<\/div>\n<div style=\"text-align: center; \">tamba taj\u00e1 &#8211; maria l\u00facia godoy e miguel proen\u00e7a<\/div>\n<div style=\"text-align: center; \">valsa da dor &#8211; miguel proen\u00e7a<\/div>\n<div style=\"text-align: center; \">trenzinho caipira &#8211; viva voz<\/div>\n<div style=\"text-align: center; \">sabi\u00e1 &#8211; maria l\u00facia godoy, miguel proen\u00e7a e viva voz<\/div>\n<div style=\"text-align: center; \">carinhoso &#8211; maria l\u00facia godoy<\/div>\n<div style=\"text-align: center; \">denge \/ oxum &#8211; zez\u00e9 motta e johnny alf<\/div>\n<p><\/span><\/p>\n","protected":false},"excerpt":{"rendered":"<p>Boa noite, amigos cultos, cultos e associados! Chegamos \u00e0 mais um s\u00e1bado de colet\u00e2neas. Aleluia! Para o dia de hoje eu estou trazendo um sele\u00e7\u00e3o de alguns registros ao vivo, do memor\u00e1vel &#8220;Projeto Pixinguinha&#8221;, ainda em suas primeiras edi\u00e7\u00f5es. Este &hellip; <a href=\"https:\/\/www.toque-musicall.com\/?p=95\">Continue lendo <span class=\"meta-nav\">&rarr;<\/span><\/a><\/p>\n","protected":false},"author":1,"featured_media":0,"comment_status":"open","ping_status":"closed","sticky":false,"template":"","format":"standard","meta":{"footnotes":""},"categories":[180,11,62],"tags":[],"class_list":["post-95","post","type-post","status-publish","format-standard","hentry","category-bootleg","category-exclusivos-do-toque-musical","category-projeto-pixinguinha"],"_links":{"self":[{"href":"https:\/\/www.toque-musicall.com\/index.php?rest_route=\/wp\/v2\/posts\/95","targetHints":{"allow":["GET"]}}],"collection":[{"href":"https:\/\/www.toque-musicall.com\/index.php?rest_route=\/wp\/v2\/posts"}],"about":[{"href":"https:\/\/www.toque-musicall.com\/index.php?rest_route=\/wp\/v2\/types\/post"}],"author":[{"embeddable":true,"href":"https:\/\/www.toque-musicall.com\/index.php?rest_route=\/wp\/v2\/users\/1"}],"replies":[{"embeddable":true,"href":"https:\/\/www.toque-musicall.com\/index.php?rest_route=%2Fwp%2Fv2%2Fcomments&post=95"}],"version-history":[{"count":0,"href":"https:\/\/www.toque-musicall.com\/index.php?rest_route=\/wp\/v2\/posts\/95\/revisions"}],"wp:attachment":[{"href":"https:\/\/www.toque-musicall.com\/index.php?rest_route=%2Fwp%2Fv2%2Fmedia&parent=95"}],"wp:term":[{"taxonomy":"category","embeddable":true,"href":"https:\/\/www.toque-musicall.com\/index.php?rest_route=%2Fwp%2Fv2%2Fcategories&post=95"},{"taxonomy":"post_tag","embeddable":true,"href":"https:\/\/www.toque-musicall.com\/index.php?rest_route=%2Fwp%2Fv2%2Ftags&post=95"}],"curies":[{"name":"wp","href":"https:\/\/api.w.org\/{rel}","templated":true}]}}