{"id":9502,"date":"2022-06-24T06:13:00","date_gmt":"2022-06-24T09:13:00","guid":{"rendered":"https:\/\/www.toque-musicall.com\/?p=9502"},"modified":"2022-07-01T06:15:55","modified_gmt":"2022-07-01T09:15:55","slug":"pereirinha-e-sua-gente-s-joao-de-outrora-1967","status":"publish","type":"post","link":"https:\/\/www.toque-musicall.com\/?p=9502","title":{"rendered":"Pereirinha E Sua Gente &#8211; S. Jo\u00e3o De Outrora (1967)"},"content":{"rendered":"\n<figure class=\"wp-block-image size-large\"><img decoding=\"async\" src=\"https:\/\/blogger.googleusercontent.com\/img\/b\/R29vZ2xl\/AVvXsEhq39vVoW76vLgA6qxQFZ37_Z5O2r2uKcn5jLwsfEf0cDv_km84_Iu4kMZNZd9H4io7s2ylUac6Nt-324bAfQsZpMu2mbUGDOagrO5BZV-ub8IzjN1dHH4hOGsVU2jlLqHxw8vAv6SIiTPuI9JkUAUcASQoyebqM13UzMnC3tuIg6_f-fKbggWJyfzEFw\/w640-h640\/capa.jpg\" alt=\"\"\/><\/figure>\n\n\n\n<figure class=\"wp-block-image size-large\"><img decoding=\"async\" src=\"https:\/\/blogger.googleusercontent.com\/img\/b\/R29vZ2xl\/AVvXsEh85Q3U-RD9A68lluCJJp2ZxRm-fxi9uGaOW50LhsHaUCVJSlEp3sgE49mzBq0E1rYukoeUlfLdu8A5trDktBgOaYpQ3U9ZNkRNoudaaz6fUBA6C51uHVIeP3FcxoCuweOhizHYaNHytQPAidw4dTqJTAtqBD12l5xSdcG9MtM9Za3Rgt4n6T4oubz2oQ\/w640-h640\/contracapa.jpg\" alt=\"\"\/><\/figure>\n\n\n<div class=\"separator\">Boa hora, amigos cultos e ocultos! Para n\u00e3o deixarmos tamb\u00e9m passar em branco a festa junina, vamos deixando aqui um disco na medida, Pereirinha e sua gente, comandando o espet\u00e1culo fonomusical da festa do S\u00e3o de Jo\u00e3o, de outrora. Confiram mais informa\u00e7\u00f5es na contracapa e o conte\u00fado principal no GTM. \ud83d\ude42<\/div>\n<div class=\"separator\">\u00a0<\/div>\n<div class=\"separator\">quadrinha de terreiro<\/div>\n<div class=\"separator\">maxixe sertanejo<\/div>\n<div class=\"separator\">casamento na ro\u00e7a<\/div>\n<div class=\"separator\">bandeirante<\/div>\n<div class=\"separator\">s\u00e3o jo\u00e3o de outrora<\/div>\n<div class=\"separator\">recordar \u00e9 viver<\/div>\n<div class=\"separator\">cidade da garoa<\/div>\n<div class=\"separator\">pot-pourit quadrilha para quadrilheiros<\/div>\n<div class=\"separator\">essa polca \u00e9 minha<\/div>\n<div class=\"separator\">o sanfoneiro s\u00f3 tocava isso<\/div>\n<div class=\"separator\">pula fogueira<\/div>\n<div class=\"separator\">isso \u00e9 l\u00e1 com santo antonio<\/div>\n<div class=\"separator\">capelinha de mel\u00e3o<\/div>\n<div class=\"separator\">polquinha para quadrilha<\/div>\n<div class=\"separator\">quadrilha para crian\u00e7a<\/div>\n<div class=\"separator\">quadrilha brasileira<\/div>\n<div class=\"separator\">a banda<\/div>\n<div class=\"separator\">olho m\u00e1gico<\/div>\n<div class=\"separator\">\u00a0<\/div>\n<div class=\"separator\">\u00a0<\/div>\n<div class=\"separator\">.<\/div>","protected":false},"excerpt":{"rendered":"<p>Boa hora, amigos cultos e ocultos! Para n\u00e3o deixarmos tamb\u00e9m passar em branco a festa junina, vamos deixando aqui um disco na medida, Pereirinha e sua gente, comandando o espet\u00e1culo fonomusical da festa do S\u00e3o de Jo\u00e3o, de outrora. Confiram &hellip; <a href=\"https:\/\/www.toque-musicall.com\/?p=9502\">Continue lendo <span class=\"meta-nav\">&rarr;<\/span><\/a><\/p>\n","protected":false},"author":1,"featured_media":0,"comment_status":"closed","ping_status":"closed","sticky":false,"template":"","format":"standard","meta":{"footnotes":""},"categories":[5190],"tags":[5191,3101],"class_list":["post-9502","post","type-post","status-publish","format-standard","hentry","category-pereirinha-e-sua-gente","tag-pereirinha-e-sua-gente","tag-selo-equipe"],"_links":{"self":[{"href":"https:\/\/www.toque-musicall.com\/index.php?rest_route=\/wp\/v2\/posts\/9502","targetHints":{"allow":["GET"]}}],"collection":[{"href":"https:\/\/www.toque-musicall.com\/index.php?rest_route=\/wp\/v2\/posts"}],"about":[{"href":"https:\/\/www.toque-musicall.com\/index.php?rest_route=\/wp\/v2\/types\/post"}],"author":[{"embeddable":true,"href":"https:\/\/www.toque-musicall.com\/index.php?rest_route=\/wp\/v2\/users\/1"}],"replies":[{"embeddable":true,"href":"https:\/\/www.toque-musicall.com\/index.php?rest_route=%2Fwp%2Fv2%2Fcomments&post=9502"}],"version-history":[{"count":1,"href":"https:\/\/www.toque-musicall.com\/index.php?rest_route=\/wp\/v2\/posts\/9502\/revisions"}],"predecessor-version":[{"id":9503,"href":"https:\/\/www.toque-musicall.com\/index.php?rest_route=\/wp\/v2\/posts\/9502\/revisions\/9503"}],"wp:attachment":[{"href":"https:\/\/www.toque-musicall.com\/index.php?rest_route=%2Fwp%2Fv2%2Fmedia&parent=9502"}],"wp:term":[{"taxonomy":"category","embeddable":true,"href":"https:\/\/www.toque-musicall.com\/index.php?rest_route=%2Fwp%2Fv2%2Fcategories&post=9502"},{"taxonomy":"post_tag","embeddable":true,"href":"https:\/\/www.toque-musicall.com\/index.php?rest_route=%2Fwp%2Fv2%2Ftags&post=9502"}],"curies":[{"name":"wp","href":"https:\/\/api.w.org\/{rel}","templated":true}]}}