{"id":9508,"date":"2022-06-26T22:19:00","date_gmt":"2022-06-27T01:19:00","guid":{"rendered":"https:\/\/www.toque-musicall.com\/?p=9508"},"modified":"2022-07-04T22:22:32","modified_gmt":"2022-07-05T01:22:32","slug":"mane-baiao-mane-e-mais-baiao-1967","status":"publish","type":"post","link":"https:\/\/www.toque-musicall.com\/?p=9508","title":{"rendered":"Man\u00e9 Bai\u00e3o &#8211; Man\u00e9 \u00c9 Mais Bai\u00e3o (1967)"},"content":{"rendered":"\n<figure class=\"wp-block-image size-large\"><img decoding=\"async\" src=\"https:\/\/blogger.googleusercontent.com\/img\/b\/R29vZ2xl\/AVvXsEj2zqsnlXvT6q0DlqrUYhWImbQGwZa2AUjUS7SX0BiNxIRRuQvWhigSIcOrBW0rhFPvxTEPsKTkAdtVMfxOjVHB1kWM0hSi2_kNoWZS6T0QQId7Xfz2d6O61Pu5PMGls-c1r7NpwAhkZGRDIyy4gokVSKeHoZ5RJQbsq_4KB8nMgWzsDvF-zaEpLaoKUQ\/w640-h640\/Capturar.JPG\" alt=\"\"\/><\/figure>\n\n\n\n<figure class=\"wp-block-image size-large\"><img decoding=\"async\" src=\"https:\/\/blogger.googleusercontent.com\/img\/b\/R29vZ2xl\/AVvXsEis0eSJvYH-X0GCgKJBQkYE0DrC2Rs0iJqht3xhhlFXbKZpXc5Pb9Hk4vRUIRqDJJ4H-nVnFa2GF62ei9GFKt3w4Dr60Tc_qA_hIlIQUtdpvF59tf1GKTRTf4V2GY-xdmhprFSy5QGo76o_kTlJyPIuiwCK5tQ_JGmfWh0L3v672n8ESqo2vd--b4wD8A\/w640-h638\/CapturarB.JPG\" alt=\"\"\/><\/figure>\n\n\n<div class=\"separator\">Boa noite, meus car\u00edssimos amigos cultos e ocultos! Ainda mais uma vez vamos ecoando aqui, j\u00e1 no final do m\u00eas, a festa de S\u00e3o Jo\u00e3o, as festas juninas. E para tanto, aqui temos mais um disco que se encaixa bem no momento, a m\u00fasica nordestina que em si j\u00e1 traz todos os elementos festivos. Apresentamos, Man\u00e9 Bai\u00e3o&#8230; Ali\u00e1s, quem vai fazer a apresenta\u00e7\u00e3o do disco \u00e9 o Manezinho Ara\u00fajo, com seu texto de contracapa. Basta clicar na imagem para ela ampliar e poder ler. Mas se quiser tamb\u00e9m ouvir o disco, o pacote completo, \u00e9 s\u00f3 ir no GTM conferir, ok? \ud83d\ude42<\/div>\n<div class=\"separator\">\u00a0<\/div>\n<div class=\"separator\">princesinha do sert\u00e3o alagoano<\/div>\n<div class=\"separator\">vaqueiro do sirid\u00f3<\/div>\n<div class=\"separator\">o cabeleira<\/div>\n<div class=\"separator\">n\u00e3o quero mais me casa<\/div>\n<div class=\"separator\">cabelo da boneca<\/div>\n<div class=\"separator\">s\u00f3 num xaxa quem nunca que<\/div>\n<div class=\"separator\">luiz gonzaga<\/div>\n<div class=\"separator\">ch\u00e3o moreno<\/div>\n<div class=\"separator\">zabumba<\/div>\n<div class=\"separator\">meu casamento<\/div>\n<div class=\"separator\">deise<\/div>\n<div class=\"separator\">rua do sol<\/div>\n<div class=\"separator\">\u00a0<\/div>\n<div class=\"separator\">.<\/div>","protected":false},"excerpt":{"rendered":"<p>Boa noite, meus car\u00edssimos amigos cultos e ocultos! Ainda mais uma vez vamos ecoando aqui, j\u00e1 no final do m\u00eas, a festa de S\u00e3o Jo\u00e3o, as festas juninas. E para tanto, aqui temos mais um disco que se encaixa bem &hellip; <a href=\"https:\/\/www.toque-musicall.com\/?p=9508\">Continue lendo <span class=\"meta-nav\">&rarr;<\/span><\/a><\/p>\n","protected":false},"author":1,"featured_media":0,"comment_status":"closed","ping_status":"closed","sticky":false,"template":"","format":"standard","meta":{"footnotes":""},"categories":[5193],"tags":[5192,3204],"class_list":["post-9508","post","type-post","status-publish","format-standard","hentry","category-mane-baiao","tag-mane-baiao","tag-selo-rca-camden"],"_links":{"self":[{"href":"https:\/\/www.toque-musicall.com\/index.php?rest_route=\/wp\/v2\/posts\/9508","targetHints":{"allow":["GET"]}}],"collection":[{"href":"https:\/\/www.toque-musicall.com\/index.php?rest_route=\/wp\/v2\/posts"}],"about":[{"href":"https:\/\/www.toque-musicall.com\/index.php?rest_route=\/wp\/v2\/types\/post"}],"author":[{"embeddable":true,"href":"https:\/\/www.toque-musicall.com\/index.php?rest_route=\/wp\/v2\/users\/1"}],"replies":[{"embeddable":true,"href":"https:\/\/www.toque-musicall.com\/index.php?rest_route=%2Fwp%2Fv2%2Fcomments&post=9508"}],"version-history":[{"count":1,"href":"https:\/\/www.toque-musicall.com\/index.php?rest_route=\/wp\/v2\/posts\/9508\/revisions"}],"predecessor-version":[{"id":9509,"href":"https:\/\/www.toque-musicall.com\/index.php?rest_route=\/wp\/v2\/posts\/9508\/revisions\/9509"}],"wp:attachment":[{"href":"https:\/\/www.toque-musicall.com\/index.php?rest_route=%2Fwp%2Fv2%2Fmedia&parent=9508"}],"wp:term":[{"taxonomy":"category","embeddable":true,"href":"https:\/\/www.toque-musicall.com\/index.php?rest_route=%2Fwp%2Fv2%2Fcategories&post=9508"},{"taxonomy":"post_tag","embeddable":true,"href":"https:\/\/www.toque-musicall.com\/index.php?rest_route=%2Fwp%2Fv2%2Ftags&post=9508"}],"curies":[{"name":"wp","href":"https:\/\/api.w.org\/{rel}","templated":true}]}}