{"id":9513,"date":"2022-06-28T22:26:00","date_gmt":"2022-06-29T01:26:00","guid":{"rendered":"https:\/\/www.toque-musicall.com\/?p=9513"},"modified":"2022-07-05T06:51:16","modified_gmt":"2022-07-05T09:51:16","slug":"raul-moreno-caco-velho-e-mara-silva-na-gafieira-e-assim-1958","status":"publish","type":"post","link":"https:\/\/www.toque-musicall.com\/?p=9513","title":{"rendered":"Raul Moreno Caco Velho E Mara Silva &#8211; Na Gafieira \u00c9 Assim (1958)"},"content":{"rendered":"\n<figure class=\"wp-block-image size-large\"><img decoding=\"async\" src=\"https:\/\/blogger.googleusercontent.com\/img\/b\/R29vZ2xl\/AVvXsEg-UcCmp4ctf5vsK2h4o7g2Q672nCW7ww1zRu_V9HvzyrV7snTqbeZbSXz1R-mB5kriJX03SwiernccDUn2ZfhlAkhSRZducO9MkS8T_UOq5jRAFLHDTHetx6cnbEjpNX3GcMQIXCKuzRBLTdyB7hn5TH8L2ZQ4RJrI5llpvK360AXZC57fzTvADPB5KQ\/w640-h624\/NA%20GAFIEIRA%20E%20ASSIM.jpg\" alt=\"\"\/><\/figure>\n\n\n\n<figure class=\"wp-block-image size-large\"><img decoding=\"async\" src=\"https:\/\/blogger.googleusercontent.com\/img\/b\/R29vZ2xl\/AVvXsEizmwND-hp8WB45-eKosdU927rYcTyn7jZONqs12GsJfGUge22qLG7JTv3vsEREZe5EmPCvrlylL7dpgtrQzmjbvu1UOjefnKxLM-tItCur5wBM6cNfYbT79y3qsoKCmkMJfzS9iyXlaNpi_9_2x9ApIED-qXltf6nd8IHPjtF-qhdvE0px7J9OhqUCMA\/w640-h628\/contacapap.jpg\" alt=\"\"\/><\/figure>\n\n\n<div class=\"separator\">\n<div class=\"separator\" data-original-attrs=\"{&quot;style&quot;:&quot;&quot;}\">Boa noite, caros amigos cultos e ocultos! Somente aqui, no Toque Musical e numa ter\u00e7a feira, voc\u00eas teriam o prazer de curtir uma boa gafieira. E aqui est\u00e1 ela, ou melhor, aqui est\u00e1 um lp que traduz bem o clima, um raro \u00e1lbum da RGE, um de seus primeiros 12 polegadas, apresentando doze sambas de gafieira, ou sobre essa democr\u00e1tica e popular casa noturna que s\u00f3 se abria nas quintas e s\u00e1bados, segundo o texto de contracapa. Aqui temos tr\u00eas representantes, Raul Moreno, Caco Velho e Mara Silva, tr\u00eas int\u00e9rpretes desta sele\u00e7\u00e3o musical de sambas dan\u00e7antes que hoje em dia s\u00e3o verdadeiros cl\u00e1ssicos. O lp \u00e9 na verdade uma colet\u00e2nea do g\u00eanero, cabendo tamb\u00e9m algumas faixas com o trombonista Eug\u00e8ne D&#8217;Hellemmes e a orquesta RGE. Confiram no GTM&#8230;<\/div>\n<div class=\"separator\" data-original-attrs=\"{&quot;style&quot;:&quot;&quot;}\">\u00a0<\/div>\n<div class=\"separator\" data-original-attrs=\"{&quot;style&quot;:&quot;&quot;}\">quero um samba<\/div>\n<div class=\"separator\" data-original-attrs=\"{&quot;style&quot;:&quot;&quot;}\">estatuto da gafieira<\/div>\n<div class=\"separator\" data-original-attrs=\"{&quot;style&quot;:&quot;&quot;}\">gadu namorando<\/div>\n<div class=\"separator\" data-original-attrs=\"{&quot;style&quot;:&quot;&quot;}\">pano legal<\/div>\n<div class=\"separator\" data-original-attrs=\"{&quot;style&quot;:&quot;&quot;}\">samba maestro<\/div>\n<div class=\"separator\" data-original-attrs=\"{&quot;style&quot;:&quot;&quot;}\">voc\u00ea v\u00ea a\u00ed<\/div>\n<div class=\"separator\" data-original-attrs=\"{&quot;style&quot;:&quot;&quot;}\">m\u00fasica maestro<\/div>\n<div class=\"separator\" data-original-attrs=\"{&quot;style&quot;:&quot;&quot;}\">quem \u00e9 o dono do baile<\/div>\n<div class=\"separator\" data-original-attrs=\"{&quot;style&quot;:&quot;&quot;}\">saliente<\/div>\n<div class=\"separator\" data-original-attrs=\"{&quot;style&quot;:&quot;&quot;}\">falso bailarino<\/div>\n<div class=\"separator\" data-original-attrs=\"{&quot;style&quot;:&quot;&quot;}\">gal\u00e3 de gafieira<\/div>\n<div class=\"separator\" data-original-attrs=\"{&quot;style&quot;:&quot;&quot;}\">aquela dama<\/div>\n<div class=\"separator\" data-original-attrs=\"{&quot;style&quot;:&quot;&quot;}\">\u00a0<\/div>\n<div class=\"separator\" data-original-attrs=\"{&quot;style&quot;:&quot;&quot;}\">.<\/div>\n<\/div>\n<div class=\"separator\">\u00a0<\/div>\n<div class=\"separator\">.<\/div>","protected":false},"excerpt":{"rendered":"<p>Boa noite, caros amigos cultos e ocultos! Somente aqui, no Toque Musical e numa ter\u00e7a feira, voc\u00eas teriam o prazer de curtir uma boa gafieira. E aqui est\u00e1 ela, ou melhor, aqui est\u00e1 um lp que traduz bem o clima, &hellip; <a href=\"https:\/\/www.toque-musicall.com\/?p=9513\">Continue lendo <span class=\"meta-nav\">&rarr;<\/span><\/a><\/p>\n","protected":false},"author":1,"featured_media":0,"comment_status":"closed","ping_status":"closed","sticky":false,"template":"","format":"standard","meta":{"footnotes":""},"categories":[1],"tags":[5196,5201,5198,5197,3091],"class_list":["post-9513","post","type-post","status-publish","format-standard","hentry","category-sem-categoria","tag-caco-velho","tag-eugene-dhellemmes","tag-mara-silva","tag-raul-moreno","tag-selo-rge"],"_links":{"self":[{"href":"https:\/\/www.toque-musicall.com\/index.php?rest_route=\/wp\/v2\/posts\/9513","targetHints":{"allow":["GET"]}}],"collection":[{"href":"https:\/\/www.toque-musicall.com\/index.php?rest_route=\/wp\/v2\/posts"}],"about":[{"href":"https:\/\/www.toque-musicall.com\/index.php?rest_route=\/wp\/v2\/types\/post"}],"author":[{"embeddable":true,"href":"https:\/\/www.toque-musicall.com\/index.php?rest_route=\/wp\/v2\/users\/1"}],"replies":[{"embeddable":true,"href":"https:\/\/www.toque-musicall.com\/index.php?rest_route=%2Fwp%2Fv2%2Fcomments&post=9513"}],"version-history":[{"count":3,"href":"https:\/\/www.toque-musicall.com\/index.php?rest_route=\/wp\/v2\/posts\/9513\/revisions"}],"predecessor-version":[{"id":9518,"href":"https:\/\/www.toque-musicall.com\/index.php?rest_route=\/wp\/v2\/posts\/9513\/revisions\/9518"}],"wp:attachment":[{"href":"https:\/\/www.toque-musicall.com\/index.php?rest_route=%2Fwp%2Fv2%2Fmedia&parent=9513"}],"wp:term":[{"taxonomy":"category","embeddable":true,"href":"https:\/\/www.toque-musicall.com\/index.php?rest_route=%2Fwp%2Fv2%2Fcategories&post=9513"},{"taxonomy":"post_tag","embeddable":true,"href":"https:\/\/www.toque-musicall.com\/index.php?rest_route=%2Fwp%2Fv2%2Ftags&post=9513"}],"curies":[{"name":"wp","href":"https:\/\/api.w.org\/{rel}","templated":true}]}}