{"id":9519,"date":"2022-06-30T09:41:00","date_gmt":"2022-06-30T12:41:00","guid":{"rendered":"https:\/\/www.toque-musicall.com\/?p=9519"},"modified":"2022-07-12T09:44:15","modified_gmt":"2022-07-12T12:44:15","slug":"dick-farney-ao-vivo-1987","status":"publish","type":"post","link":"https:\/\/www.toque-musicall.com\/?p=9519","title":{"rendered":"Dick Farney &#8211; Ao Vivo (1987)"},"content":{"rendered":"\n<figure class=\"wp-block-image size-large\"><img decoding=\"async\" src=\"https:\/\/blogger.googleusercontent.com\/img\/b\/R29vZ2xl\/AVvXsEgtD1QFi_tCpgRHvy5CvogQEuoZh-1eRSF85U3eAR0snEHz1fq_TWsNQ5e6UZ4HNPWREUjjvULRLmUON6LVu7yoDt4jJSuhmG4-GGdzh2kpYJVwPjnuPOwhqMlZ2g4Mkh5Yn7mYN5uNlhReSPOy1ULLTreXCOQt9hKx-jt1C42Z4xbCf0EalqidZCtxVQ\/w640-h636\/Capturarf.JPG\" alt=\"\"\/><\/figure>\n\n\n\n<figure class=\"wp-block-image size-large\"><img decoding=\"async\" src=\"https:\/\/blogger.googleusercontent.com\/img\/b\/R29vZ2xl\/AVvXsEiS6wPmZHQcmJ_eTIHYuELrDEmcHd1pCEp6nU_4eKnssspIWy55m1ePpc0TNDW6lPwhcHT-j9BF-NZaUzhUUCwryM4RJfZSD32Z6exmZxcBZ2YNN4LvJ9Igq6GWXVE0qLowMOqWkHfh25azdYeoCgZIl_W5gYSgiBetRhIgKPujDtYtrcdTFduUt6q_SA\/w630-h640\/Capturar.JPG\" alt=\"\"\/><\/figure>\n\n\n<div class=\"separator\">Boa hora, caros amigos cultos e ocultos! Fechando o m\u00eas de junho, temos aqui um Dick Farney, ao vivo, gravado no restaurante Inverno &amp; Ver\u00e3o. Creio que j\u00e1 postamos este disco aqui, mas nem vou me dar ao trabalho de checar, t\u00e1 valendo&#8230; Se n\u00e3o foi, este \u00e9 mais um da s\u00e9rie Inverno &amp; Ver\u00e3o que trazemos para voc\u00eas. Confiram no GTM&#8230;<\/div>\n<div class=\"separator\">\u00a0<\/div>\n<div class=\"separator\">perdido<\/div>\n<div class=\"separator\">copacabana<\/div>\n<div class=\"separator\">esse seu olhar<\/div>\n<div class=\"separator\">nick bar<\/div>\n<div class=\"separator\">a saudade mata a gente<\/div>\n<div class=\"separator\">aeromo\u00e7a<\/div>\n<div class=\"separator\">tereza da praia<\/div>\n<div class=\"separator\">uma loura<\/div>\n<div class=\"separator\">pouporri cassino da urca<\/div>\n<div class=\"separator\">\u00a0<\/div>\n<div class=\"separator\">\u00a0<\/div>\n<div class=\"separator\">.<\/div>","protected":false},"excerpt":{"rendered":"<p>Boa hora, caros amigos cultos e ocultos! Fechando o m\u00eas de junho, temos aqui um Dick Farney, ao vivo, gravado no restaurante Inverno &amp; Ver\u00e3o. Creio que j\u00e1 postamos este disco aqui, mas nem vou me dar ao trabalho de &hellip; <a href=\"https:\/\/www.toque-musicall.com\/?p=9519\">Continue lendo <span class=\"meta-nav\">&rarr;<\/span><\/a><\/p>\n","protected":false},"author":1,"featured_media":0,"comment_status":"closed","ping_status":"closed","sticky":false,"template":"","format":"standard","meta":{"footnotes":""},"categories":[5202],"tags":[3622,3625],"class_list":["post-9519","post","type-post","status-publish","format-standard","hentry","category-selo-bandeirantes","tag-dick-farney","tag-selo-band"],"_links":{"self":[{"href":"https:\/\/www.toque-musicall.com\/index.php?rest_route=\/wp\/v2\/posts\/9519","targetHints":{"allow":["GET"]}}],"collection":[{"href":"https:\/\/www.toque-musicall.com\/index.php?rest_route=\/wp\/v2\/posts"}],"about":[{"href":"https:\/\/www.toque-musicall.com\/index.php?rest_route=\/wp\/v2\/types\/post"}],"author":[{"embeddable":true,"href":"https:\/\/www.toque-musicall.com\/index.php?rest_route=\/wp\/v2\/users\/1"}],"replies":[{"embeddable":true,"href":"https:\/\/www.toque-musicall.com\/index.php?rest_route=%2Fwp%2Fv2%2Fcomments&post=9519"}],"version-history":[{"count":1,"href":"https:\/\/www.toque-musicall.com\/index.php?rest_route=\/wp\/v2\/posts\/9519\/revisions"}],"predecessor-version":[{"id":9520,"href":"https:\/\/www.toque-musicall.com\/index.php?rest_route=\/wp\/v2\/posts\/9519\/revisions\/9520"}],"wp:attachment":[{"href":"https:\/\/www.toque-musicall.com\/index.php?rest_route=%2Fwp%2Fv2%2Fmedia&parent=9519"}],"wp:term":[{"taxonomy":"category","embeddable":true,"href":"https:\/\/www.toque-musicall.com\/index.php?rest_route=%2Fwp%2Fv2%2Fcategories&post=9519"},{"taxonomy":"post_tag","embeddable":true,"href":"https:\/\/www.toque-musicall.com\/index.php?rest_route=%2Fwp%2Fv2%2Ftags&post=9519"}],"curies":[{"name":"wp","href":"https:\/\/api.w.org\/{rel}","templated":true}]}}