{"id":9521,"date":"2022-07-01T09:44:00","date_gmt":"2022-07-01T12:44:00","guid":{"rendered":"https:\/\/www.toque-musicall.com\/?p=9521"},"modified":"2022-07-12T09:47:57","modified_gmt":"2022-07-12T12:47:57","slug":"nelson-goncalves-eu-e-eles-1985","status":"publish","type":"post","link":"https:\/\/www.toque-musicall.com\/?p=9521","title":{"rendered":"Nelson Gon\u00e7alves &#8211; Eu E Eles (1985)"},"content":{"rendered":"\n<figure class=\"wp-block-image size-large\"><img decoding=\"async\" src=\"https:\/\/blogger.googleusercontent.com\/img\/b\/R29vZ2xl\/AVvXsEhZyItnKipK_UrWkvthgOXzkbIojMHRJQJcDkR5sdr76wb6a84Qdf3siCQJcn4ldf-Z1CI2c0VDnG6ZZTnr668ug8eaTwdfbAQqjb-zZI9fwW1yVl6HnZ6B8m9XUH7_gOC_G3p2QZD-B8jXOa0Kv2JwNJSC8gF8J52N9zI-r7iAVdF_eAJB7bXOYx8vNA\/w640-h638\/Capturar.JPG\" alt=\"\"\/><\/figure>\n\n\n\n<figure class=\"wp-block-image size-large\"><img decoding=\"async\" src=\"https:\/\/blogger.googleusercontent.com\/img\/b\/R29vZ2xl\/AVvXsEgEp-J-hyCz0mH2riC37KKvZ1RXhuw6-hyv1ka9so7ocoleHIoesonjR3e54TYsp_N8-2Rnn0jd4a2Ds3YZF2oARuuKv1E9oOOdX8novXFL_7blpGRw3VIum6xodCi8oO_1-1XyLySwIkNQDUaScEgNy0hhME__8lrn73V4Z3vz6Bga56Y1WXYleUsJtg\/w640-h632\/Capturarb.JPG\" alt=\"\"\/><\/figure>\n\n\n<div class=\"separator\">Bom dia, amigos cultos e ocultos! O tempo tem passado de uma forma t\u00e3o r\u00e1pida que eu at\u00e9 me esqueci que neste m\u00eas o Toque Musical completa 15 anos. N\u00e3o vai ter festa, pois meu humor n\u00e3o anda l\u00e1 essas coisas, mas prometo manter a m\u00e9dia, ok?<\/div>\n<div class=\"separator\">Aqui temos, um de nossos mais presentes artista no TM, o grande Nelson Gon\u00e7alves em um disco lan\u00e7ado em 1985, onde ele recebe a participa\u00e7\u00e3o de Tim Maia, Martinho da Vila, Caetano Veloso, Fagner e Luiz Gonzaga. Confiram no GTM&#8230;<\/div>\n<div class=\"separator\">\u00a0<\/div>\n<div class=\"separator\">ren\u00fancia &#8211; com tim maia<\/div>\n<div class=\"separator\">sempre jovem<\/div>\n<div class=\"separator\">lembran\u00e7as &#8211; com martinho da vila<\/div>\n<div class=\"separator\">tristeza pede bis<\/div>\n<div class=\"separator\">pecado e perd\u00e3o<\/div>\n<div class=\"separator\">coisas que tivemos<\/div>\n<div class=\"separator\">maria bethania &#8211; com caetano veloso<\/div>\n<div class=\"separator\">falsa alegria<\/div>\n<div class=\"separator\">mucuripe &#8211; com fagner<\/div>\n<div class=\"separator\">volta e meia<\/div>\n<div class=\"separator\">asa branca &#8211; com luiz gonzaga<\/div>\n<div class=\"separator\">\u00a0<\/div>\n<div class=\"separator\">\u00a0<\/div>\n<div>\u00a0<\/div>\n<div class=\"separator\">.<\/div>","protected":false},"excerpt":{"rendered":"<p>Bom dia, amigos cultos e ocultos! O tempo tem passado de uma forma t\u00e3o r\u00e1pida que eu at\u00e9 me esqueci que neste m\u00eas o Toque Musical completa 15 anos. N\u00e3o vai ter festa, pois meu humor n\u00e3o anda l\u00e1 essas &hellip; <a href=\"https:\/\/www.toque-musicall.com\/?p=9521\">Continue lendo <span class=\"meta-nav\">&rarr;<\/span><\/a><\/p>\n","protected":false},"author":1,"featured_media":0,"comment_status":"closed","ping_status":"closed","sticky":false,"template":"","format":"standard","meta":{"footnotes":""},"categories":[1],"tags":[4475,3218],"class_list":["post-9521","post","type-post","status-publish","format-standard","hentry","category-sem-categoria","tag-nelson-goncalves","tag-selo-rca-vik"],"_links":{"self":[{"href":"https:\/\/www.toque-musicall.com\/index.php?rest_route=\/wp\/v2\/posts\/9521","targetHints":{"allow":["GET"]}}],"collection":[{"href":"https:\/\/www.toque-musicall.com\/index.php?rest_route=\/wp\/v2\/posts"}],"about":[{"href":"https:\/\/www.toque-musicall.com\/index.php?rest_route=\/wp\/v2\/types\/post"}],"author":[{"embeddable":true,"href":"https:\/\/www.toque-musicall.com\/index.php?rest_route=\/wp\/v2\/users\/1"}],"replies":[{"embeddable":true,"href":"https:\/\/www.toque-musicall.com\/index.php?rest_route=%2Fwp%2Fv2%2Fcomments&post=9521"}],"version-history":[{"count":2,"href":"https:\/\/www.toque-musicall.com\/index.php?rest_route=\/wp\/v2\/posts\/9521\/revisions"}],"predecessor-version":[{"id":9523,"href":"https:\/\/www.toque-musicall.com\/index.php?rest_route=\/wp\/v2\/posts\/9521\/revisions\/9523"}],"wp:attachment":[{"href":"https:\/\/www.toque-musicall.com\/index.php?rest_route=%2Fwp%2Fv2%2Fmedia&parent=9521"}],"wp:term":[{"taxonomy":"category","embeddable":true,"href":"https:\/\/www.toque-musicall.com\/index.php?rest_route=%2Fwp%2Fv2%2Fcategories&post=9521"},{"taxonomy":"post_tag","embeddable":true,"href":"https:\/\/www.toque-musicall.com\/index.php?rest_route=%2Fwp%2Fv2%2Ftags&post=9521"}],"curies":[{"name":"wp","href":"https:\/\/api.w.org\/{rel}","templated":true}]}}