{"id":953,"date":"2010-01-26T00:44:00","date_gmt":"2010-01-26T00:44:00","guid":{"rendered":"http:\/\/www.toque-musicall.com\/?p=953"},"modified":"2010-01-26T00:44:00","modified_gmt":"2010-01-26T00:44:00","slug":"edu-da-gaita-1979","status":"publish","type":"post","link":"https:\/\/www.toque-musicall.com\/?p=953","title":{"rendered":"Ed\u00fa Da Gaita (1979)"},"content":{"rendered":"<p><a href=\"http:\/\/4.bp.blogspot.com\/_DSKVEvHtskc\/S15H524IWlI\/AAAAAAAAGFw\/5y7IdkqlZhg\/s1600-h\/edu+P.JPG\"><img decoding=\"async\" alt=\"\" border=\"0\" id=\"BLOGGER_PHOTO_ID_5430857259964455506\" src=\"http:\/\/4.bp.blogspot.com\/_DSKVEvHtskc\/S15H524IWlI\/AAAAAAAAGFw\/5y7IdkqlZhg\/s400\/edu+P.JPG\" style=\"cursor: hand; display: block; height: 400px; margin: 0px auto 10px; text-align: center; width: 397px;\" \/><\/a>Pois \u00e9 meus prezados, rapadura \u00e9 doce mas n\u00e3o \u00e9 mole. Hoje cedo levei meu computador para a manuten\u00e7\u00e3o. O problema desta vez foi no Windows, tivemos que reinstalar o programa. Com medo de perder alguma coisa ao ser formatado, achei melhor comprar um novo HD e instalar o Windows nele, assim eu n\u00e3o perderia o que estava no antigo. Assim foi feito. Depois, verifiquei que v\u00e1rios arquivos que eu havia feito download e os discos de gaita que j\u00e1 estavam digitalizados ficaram na pasta Meus Documentos. Em outras palavras, perdi tudo! Sinceramente, dei uma brochada&#8230; Tamb\u00e9m n\u00e3o tive tempo de instalar todos os programas que normalmente uso aqui. Fiquei meio sem op\u00e7\u00e3o, meio sem vontade de postar. Mas novamente, eu n\u00e3o quero deixar a peteca cair. For\u00e7ando a barra, j\u00e1 quase meia noite, aqui vou eu atrasad\u00edssimo, trazendo a postagem do dia.<br \/>Vamos de gaita, vamos com o Ed\u00fa da Gaita. Eis aqui um \u00e1lbum lan\u00e7ado pelo Est\u00fadio Eldorado em 1979. Produzido e dirigido por Theo de Barros, tamb\u00e9m respons\u00e1vel pelos arranjos ao lado de Leo Peracchi. O repert\u00f3rio, como disse o Sr. Alu\u00edzio Falc\u00e3o em seu texto de contracapa, \u00e9 bem brasileiro, &#8220;\u00e9 uma boa amostra da peculiar\u00edssima sonoridade e da variedade de timbres que uma gaita bem temperada pode alcan\u00e7ar.&#8221; Eduardo Nadruz foi mesmo o Paganini da harmonica de boca. Muito bom!<\/p>\n<div align=\"center\">primeiro amor<\/div>\n<div align=\"center\">tenebroso<\/div>\n<div align=\"center\">por um beijo<\/div>\n<div align=\"center\">banzo<\/div>\n<div align=\"center\">melodias brasileiras<\/div>\n<div align=\"center\">numa seresta<\/div>\n<div align=\"center\">batuque n\u00ba 1<\/div>\n<div align=\"center\">disparada<\/div>\n<div align=\"center\">roda<\/div>\n<div align=\"center\">murmurando<\/div>\n<div align=\"center\">capricho nortista<\/div>\n<div align=\"center\"><\/div>\n<div align=\"center\"><\/div>\n","protected":false},"excerpt":{"rendered":"<p>Pois \u00e9 meus prezados, rapadura \u00e9 doce mas n\u00e3o \u00e9 mole. Hoje cedo levei meu computador para a manuten\u00e7\u00e3o. O problema desta vez foi no Windows, tivemos que reinstalar o programa. Com medo de perder alguma coisa ao ser formatado, &hellip; <a href=\"https:\/\/www.toque-musicall.com\/?p=953\">Continue lendo <span class=\"meta-nav\">&rarr;<\/span><\/a><\/p>\n","protected":false},"author":1,"featured_media":0,"comment_status":"open","ping_status":"closed","sticky":false,"template":"","format":"standard","meta":{"footnotes":""},"categories":[76,1264],"tags":[],"class_list":["post-953","post","type-post","status-publish","format-standard","hentry","category-edu-da-gaita","category-selo-estudio-eldorado"],"_links":{"self":[{"href":"https:\/\/www.toque-musicall.com\/index.php?rest_route=\/wp\/v2\/posts\/953","targetHints":{"allow":["GET"]}}],"collection":[{"href":"https:\/\/www.toque-musicall.com\/index.php?rest_route=\/wp\/v2\/posts"}],"about":[{"href":"https:\/\/www.toque-musicall.com\/index.php?rest_route=\/wp\/v2\/types\/post"}],"author":[{"embeddable":true,"href":"https:\/\/www.toque-musicall.com\/index.php?rest_route=\/wp\/v2\/users\/1"}],"replies":[{"embeddable":true,"href":"https:\/\/www.toque-musicall.com\/index.php?rest_route=%2Fwp%2Fv2%2Fcomments&post=953"}],"version-history":[{"count":0,"href":"https:\/\/www.toque-musicall.com\/index.php?rest_route=\/wp\/v2\/posts\/953\/revisions"}],"wp:attachment":[{"href":"https:\/\/www.toque-musicall.com\/index.php?rest_route=%2Fwp%2Fv2%2Fmedia&parent=953"}],"wp:term":[{"taxonomy":"category","embeddable":true,"href":"https:\/\/www.toque-musicall.com\/index.php?rest_route=%2Fwp%2Fv2%2Fcategories&post=953"},{"taxonomy":"post_tag","embeddable":true,"href":"https:\/\/www.toque-musicall.com\/index.php?rest_route=%2Fwp%2Fv2%2Ftags&post=953"}],"curies":[{"name":"wp","href":"https:\/\/api.w.org\/{rel}","templated":true}]}}