{"id":9530,"date":"2022-07-04T09:26:00","date_gmt":"2022-07-04T12:26:00","guid":{"rendered":"https:\/\/www.toque-musicall.com\/?p=9530"},"modified":"2022-07-19T09:28:58","modified_gmt":"2022-07-19T12:28:58","slug":"fafa-lemos-violino-travesso-1959","status":"publish","type":"post","link":"https:\/\/www.toque-musicall.com\/?p=9530","title":{"rendered":"Faf\u00e1 Lemos &#8211; Violino Travesso (1959)"},"content":{"rendered":"\n<figure class=\"wp-block-image size-large\"><img decoding=\"async\" src=\"https:\/\/blogger.googleusercontent.com\/img\/b\/R29vZ2xl\/AVvXsEhp3v2NwrKHAQ4j7LEd3FNRVn_w3-xOqyeUFiixJRpx-DSZIqo_vK9Dslkl9zCScXBm-4vvF33rFosjugM-kZa6ktF6otlQPI8339J6jCcX5sySz_tySCIHrUz_BMxih2_1gCwhCxT2UGWCowKvWirzCeLj9SrMBjFwnkMzzhETKeriy8WVFiI06LoMtQ\/w640-h624\/capa.jpg\" alt=\"\"\/><\/figure>\n\n\n\n<figure class=\"wp-block-image size-large\"><img decoding=\"async\" src=\"https:\/\/blogger.googleusercontent.com\/img\/b\/R29vZ2xl\/AVvXsEg0th50P_UFyU816A8kWfQ0S6IMiPV_Ii_vhh16ZCb11l0UiJWuFxEl7F5Dm8fYdRHweHmCZZ7xCPCUZjE4lQ3gnsuudUZi4zrnXCugr7gaQ8NTzrlyBjk6hv4ye_nDSMEZ4HpSUZYmk9Oq44U1GTQRAhVYOmEwKW-DJDpZ_hZ0eHWeFwVX9Ip2ZIcreQ\/w612-h640\/contra.jpg\" alt=\"\"\/><\/figure>\n\n\n<div class=\"separator\">Bom dia a todos, amigos cultos e ocultos! Aqui e mais uma vez temos a presen\u00e7a do violinista Faf\u00e1 Lemos, em disco pelo selo Odeon, lan\u00e7ado em 1959. O lp traz uma sele\u00e7\u00e3o bem variada de sucessos entre samba, fado, bolero, m\u00fasica francesa e &#8216;standard&#8217; da m\u00fasica americana. Nosso artista, al\u00e9m de dominar seu violino com maestria, tamb\u00e9m canta e encanta :), fazendo assim deste &#8220;Violino Travesso&#8221; um agrad\u00e1vel momento, para dan\u00e7antes e outros ouvintes. Confiram&#8230;<\/div>\n<div class=\"separator\">\u00a0<\/div>\n<div class=\"separator\">carne de gato<\/div>\n<div class=\"separator\">tudo isso \u00e9 fado<\/div>\n<div class=\"separator\">jamais<\/div>\n<div class=\"separator\">mon couer est un violon<\/div>\n<div class=\"separator\">melodie d&#8217;amour<\/div>\n<div class=\"separator\">over the rainbow<\/div>\n<div class=\"separator\">ora veja s\u00f3<\/div>\n<div class=\"separator\">auf wiedersehn, my dear<\/div>\n<div class=\"separator\">samba pizzicatto<\/div>\n<div class=\"separator\">darling je vous aime beaucoup<\/div>\n<div class=\"separator\">\u00a0<\/div>\n<div class=\"separator\">\u00a0<\/div>\n<div class=\"separator\">.<\/div>","protected":false},"excerpt":{"rendered":"<p>Bom dia a todos, amigos cultos e ocultos! Aqui e mais uma vez temos a presen\u00e7a do violinista Faf\u00e1 Lemos, em disco pelo selo Odeon, lan\u00e7ado em 1959. O lp traz uma sele\u00e7\u00e3o bem variada de sucessos entre samba, fado, &hellip; <a href=\"https:\/\/www.toque-musicall.com\/?p=9530\">Continue lendo <span class=\"meta-nav\">&rarr;<\/span><\/a><\/p>\n","protected":false},"author":1,"featured_media":0,"comment_status":"closed","ping_status":"closed","sticky":false,"template":"","format":"standard","meta":{"footnotes":""},"categories":[1],"tags":[4166,3153],"class_list":["post-9530","post","type-post","status-publish","format-standard","hentry","category-sem-categoria","tag-fafa-lemos","tag-selo-odeon"],"_links":{"self":[{"href":"https:\/\/www.toque-musicall.com\/index.php?rest_route=\/wp\/v2\/posts\/9530","targetHints":{"allow":["GET"]}}],"collection":[{"href":"https:\/\/www.toque-musicall.com\/index.php?rest_route=\/wp\/v2\/posts"}],"about":[{"href":"https:\/\/www.toque-musicall.com\/index.php?rest_route=\/wp\/v2\/types\/post"}],"author":[{"embeddable":true,"href":"https:\/\/www.toque-musicall.com\/index.php?rest_route=\/wp\/v2\/users\/1"}],"replies":[{"embeddable":true,"href":"https:\/\/www.toque-musicall.com\/index.php?rest_route=%2Fwp%2Fv2%2Fcomments&post=9530"}],"version-history":[{"count":1,"href":"https:\/\/www.toque-musicall.com\/index.php?rest_route=\/wp\/v2\/posts\/9530\/revisions"}],"predecessor-version":[{"id":9531,"href":"https:\/\/www.toque-musicall.com\/index.php?rest_route=\/wp\/v2\/posts\/9530\/revisions\/9531"}],"wp:attachment":[{"href":"https:\/\/www.toque-musicall.com\/index.php?rest_route=%2Fwp%2Fv2%2Fmedia&parent=9530"}],"wp:term":[{"taxonomy":"category","embeddable":true,"href":"https:\/\/www.toque-musicall.com\/index.php?rest_route=%2Fwp%2Fv2%2Fcategories&post=9530"},{"taxonomy":"post_tag","embeddable":true,"href":"https:\/\/www.toque-musicall.com\/index.php?rest_route=%2Fwp%2Fv2%2Ftags&post=9530"}],"curies":[{"name":"wp","href":"https:\/\/api.w.org\/{rel}","templated":true}]}}