{"id":9539,"date":"2022-07-07T09:54:00","date_gmt":"2022-07-07T12:54:00","guid":{"rendered":"https:\/\/www.toque-musicall.com\/?p=9539"},"modified":"2022-07-19T09:58:56","modified_gmt":"2022-07-19T12:58:56","slug":"tico-tico-tico-tico-no-galho-seco-1963","status":"publish","type":"post","link":"https:\/\/www.toque-musicall.com\/?p=9539","title":{"rendered":"Tico Tico &#8211; Tico-Tico No Galho Seco (1963)"},"content":{"rendered":"\n<figure class=\"wp-block-image size-large\"><img decoding=\"async\" src=\"https:\/\/blogger.googleusercontent.com\/img\/b\/R29vZ2xl\/AVvXsEgfiRZHqWy-Lazi40F8TG-00s2qWBzXYaVteXUrtSZ7GkLbRuEpYxHxUnE_MGSeXlmjVVyaanIBOwGN6vPq7vAquxDnNrfVjyXmOcgLrK4tD1_JT0VNs7EGtsDsccTfGrBqRToQOkH9ER0bd2w4mAA97iq1D7oZsylCcZHKPD3Ln4G-2zDvR3x9HsZH-g\/w640-h626\/Capturarp.JPG\" alt=\"\"\/><\/figure>\n\n\n\n<figure class=\"wp-block-image size-large\"><img decoding=\"async\" src=\"https:\/\/blogger.googleusercontent.com\/img\/b\/R29vZ2xl\/AVvXsEjL2ICd-R4DOCKowYfi7MFwU0Zxw2rVBBKmzvLtfIL6tpfZBVEVrUTzYST-NO6g707ztfttcbvPxIbKoomPHbSG01yZROzdEoz5wSc17mjKkDaewbWx3R4LT6dIh1CZd_xIQs1kCXq4_vKKEzcfOZb8zUwqkQ3UKw1Lf5Eohf7YvxscCClwNrWuod0LCw\/w640-h628\/Capturarb.JPG\" alt=\"\"\/><\/figure>\n\n\n<div class=\"separator\">Bom dia, amigos cultos e ocultos! Segue o baile&#8230; Hoje temos para voc\u00eas, &#8220;Tico-tico no galho seco&#8221;, lp lan\u00e7ado pelo selo Continental, em 1963, trazendo o cavaquinista Tico-Tico em seu primeiro disco. Um \u00e1lbum muito bem produzido e ao que consta, com o apoio do grande Altamiro Carrilho. S\u00e3o doze m\u00fasicas, sendo quase todas de autoria do pr\u00f3prio Tico-Tico. Confiram no GTM&#8230;<\/div>\n<div class=\"separator\">\u00a0<\/div>\n<div class=\"separator\">a mo\u00e7ada no samba<\/div>\n<div class=\"separator\">trag\u00e9dia de bolso<\/div>\n<div class=\"separator\">orgulhosa<\/div>\n<div class=\"separator\">cavaquinho transviado<\/div>\n<div class=\"separator\">seus olhos<\/div>\n<div class=\"separator\">venina<\/div>\n<div class=\"separator\">marlene<\/div>\n<div class=\"separator\">na corda bamba<\/div>\n<div class=\"separator\">harmonioso<\/div>\n<div class=\"separator\">18&#215;24<\/div>\n<div class=\"separator\">desiludido<\/div>\n<div class=\"separator\">doidinho<\/div>\n<div class=\"separator\">\u00a0<\/div>\n<div class=\"separator\">\u00a0<\/div>\n<div class=\"separator\">.<\/div>","protected":false},"excerpt":{"rendered":"<p>Bom dia, amigos cultos e ocultos! Segue o baile&#8230; Hoje temos para voc\u00eas, &#8220;Tico-tico no galho seco&#8221;, lp lan\u00e7ado pelo selo Continental, em 1963, trazendo o cavaquinista Tico-Tico em seu primeiro disco. Um \u00e1lbum muito bem produzido e ao que &hellip; <a href=\"https:\/\/www.toque-musicall.com\/?p=9539\">Continue lendo <span class=\"meta-nav\">&rarr;<\/span><\/a><\/p>\n","protected":false},"author":1,"featured_media":0,"comment_status":"closed","ping_status":"closed","sticky":false,"template":"","format":"standard","meta":{"footnotes":""},"categories":[5207],"tags":[3108,5208],"class_list":["post-9539","post","type-post","status-publish","format-standard","hentry","category-tico-tico","tag-selo-copacabana","tag-tico-tico"],"_links":{"self":[{"href":"https:\/\/www.toque-musicall.com\/index.php?rest_route=\/wp\/v2\/posts\/9539","targetHints":{"allow":["GET"]}}],"collection":[{"href":"https:\/\/www.toque-musicall.com\/index.php?rest_route=\/wp\/v2\/posts"}],"about":[{"href":"https:\/\/www.toque-musicall.com\/index.php?rest_route=\/wp\/v2\/types\/post"}],"author":[{"embeddable":true,"href":"https:\/\/www.toque-musicall.com\/index.php?rest_route=\/wp\/v2\/users\/1"}],"replies":[{"embeddable":true,"href":"https:\/\/www.toque-musicall.com\/index.php?rest_route=%2Fwp%2Fv2%2Fcomments&post=9539"}],"version-history":[{"count":1,"href":"https:\/\/www.toque-musicall.com\/index.php?rest_route=\/wp\/v2\/posts\/9539\/revisions"}],"predecessor-version":[{"id":9540,"href":"https:\/\/www.toque-musicall.com\/index.php?rest_route=\/wp\/v2\/posts\/9539\/revisions\/9540"}],"wp:attachment":[{"href":"https:\/\/www.toque-musicall.com\/index.php?rest_route=%2Fwp%2Fv2%2Fmedia&parent=9539"}],"wp:term":[{"taxonomy":"category","embeddable":true,"href":"https:\/\/www.toque-musicall.com\/index.php?rest_route=%2Fwp%2Fv2%2Fcategories&post=9539"},{"taxonomy":"post_tag","embeddable":true,"href":"https:\/\/www.toque-musicall.com\/index.php?rest_route=%2Fwp%2Fv2%2Ftags&post=9539"}],"curies":[{"name":"wp","href":"https:\/\/api.w.org\/{rel}","templated":true}]}}