{"id":954,"date":"2010-01-24T19:06:00","date_gmt":"2010-01-24T19:06:00","guid":{"rendered":"http:\/\/www.toque-musicall.com\/?p=954"},"modified":"2010-01-24T19:06:00","modified_gmt":"2010-01-24T19:06:00","slug":"filigranas-musicais-volume-xi-carnaval-da-rca-1988","status":"publish","type":"post","link":"https:\/\/www.toque-musicall.com\/?p=954","title":{"rendered":"Filigranas Musicais Volume XI &#8211; Carnaval da RCA (1988)"},"content":{"rendered":"<p><a href=\"http:\/\/1.bp.blogspot.com\/_DSKVEvHtskc\/S1y28F3ijlI\/AAAAAAAAGFc\/TsTN_1wkffY\/s1600-h\/lala+e+lobo+P.JPG\"><img decoding=\"async\" style=\"TEXT-ALIGN: center; MARGIN: 0px auto 10px; WIDTH: 400px; DISPLAY: block; HEIGHT: 400px; CURSOR: hand\" id=\"BLOGGER_PHOTO_ID_5430416394185510482\" border=\"0\" alt=\"\" src=\"http:\/\/1.bp.blogspot.com\/_DSKVEvHtskc\/S1y28F3ijlI\/AAAAAAAAGFc\/TsTN_1wkffY\/s400\/lala+e+lobo+P.JPG\" \/><\/a> Ol\u00e1! Como voc\u00eas podem ver, meu desejo de postar aqui alguns gaitistas teve que ser adiado Problemas, problemas, problemas&#8230; Como se j\u00e1 n\u00e3o bastasse o caso do meu HD, que aos poucos eu vou recuperando, agora veio mais uma merda. Como diz o pessimista, nunca est\u00e1 t\u00e3o ruim que n\u00e3o possa ficar pior. Bela merda esse domingo! N\u00e3o \u00e9 atoa que nesse dia eu tenho a tend\u00eancia de ficar deprimido. E hoje a bruxa est\u00e1 solta para o meu lado. Eu nem me arrisco a botar o p\u00e9 para fora de casa. Hoje t\u00e1 foda! Perdi a hora ao acordar, atrasado para um compromisso familiar, deixei a turma toda p&#8230; da vida. Perdi a hora e o almo\u00e7o combinado. Na minha rua, a Cemig, estava fazendo um servi\u00e7o de manuten\u00e7\u00e3o da rede el\u00e9trica, est\u00e1vamos sem energia. Da\u00ed resolvi sair de bicicleta, dar umas voltas e espantar o mau humor. Longe de casa, j\u00e1 a uns cinco quilometros, o pneu furou. N\u00e3o havia nas imedia\u00e7\u00f5es nenhum borracheiro. Voltei, parei em um posto de gasolina e tentei ench\u00ea-lo para pelo menos n\u00e3o voltar carregando a bike. N\u00e3o adiantou muita coisa, o pneu estava rasgado. Isso nunca aconteceu comigo. Voltei zangado, cheguei mais que suado, cansado. Nessa altura a luz j\u00e1 havia voltado, o que me poupou ter que subir cinco andares de escadas carregando a &#8216;magrela&#8217;. Tomei um banho, tomei um caf\u00e9 e fui ent\u00e3o preparar a postagem do dia. Foi a\u00ed que eu me lembrei que havia esquecido o computador ligado desde a noite anterior. Me dei mal&#8230; acho que como a manuten\u00e7\u00e3o da rede, uma sobrecarga talvez ao voltar, detonou alguma coisa nele. O fato \u00e9 que n\u00e3o consegui fazer o computador funcionar. Ele liga, mas n\u00e3o abre. Fica apenas tentando acessar o &#8216;RWindows&#8217;. Tentei de tudo, passei o dia todo tentando resolver e nada&#8230; PQP!!! \u00c9 hoje! Diante a merda, s\u00f3 me restou ligar o computador do meu filhote, aproveitando que ele n\u00e3o est\u00e1 por perto. Pensei em n\u00e3o fazer nenhuma postagem hoje, ali\u00e1s eu n\u00e3o estou como o menor pique. Perdi mesmo o tes\u00e3o.<br \/>Por\u00e9m, j\u00e1 que tenho alguns &#8216;discos de gaveta&#8217;, para n\u00e3o perder tamb\u00e9m o dia, resolvi usar um deles. Escolhi entre as poucas op\u00e7\u00f5es este disco da s\u00e9rie &#8220;Filigranas Musicais&#8221;. Embora a capa nos fa\u00e7a entender que seriam composi\u00e7\u00f5es de Lamartine Babo e Haroldo Lobo, percebemos logo que a coisa n\u00e3o \u00e9 bem assim. Na verdade o disco (pelo selo) chama-se &#8220;Carnaval da RCA&#8221; e nele est\u00e3o reunidos diversos temas carnavalescos das d\u00e9cadas de 30 e 40. Necessariamente n\u00e3o s\u00e3o s\u00f3 m\u00fasicas de autoria de Lal\u00e1 e Haroldo. Confesso que eu n\u00e3o entendi qual era a raz\u00e3o de termos os dois estampados na capa. Mas tudo bem, n\u00e3o deixa de ser um disco bacana, que atende aos desejos daqueles que haviam me pedido discos da carnaval. Ta\u00ed, caiam na folia&#8230; eu vou me guardando para fevereiro. Amanh\u00e3 eu levo o computador para o conserto. Tomara que n\u00e3o seja nada s\u00e9rio. Eu j\u00e1 havia preparado alguns discos de gaitistas, mas at\u00e9 segunda ordem, ficaremos na gaveta. Tor\u00e7am por mim, tor\u00e7am por n\u00f3s.<\/p>\n<div align=\"center\">morena imperatriz &#8211; almirante e os diabos do c\u00e9u<\/div>\n<div align=\"center\">n\u00e3o pretendo mais amar &#8211; orlando silva<\/div>\n<div align=\"center\">ali bab\u00e1 &#8211; odette amaral e os diabos do c\u00e9u<\/div>\n<div align=\"center\">louca &#8211; roberto paiva com benedito lacerda e seu regional<\/div>\n<div align=\"center\">n\u00e3o resta a menor d\u00favida &#8211; bando da lua<\/div>\n<div align=\"center\">quem \u00e9 voc\u00ea &#8211; cyro  monteiro<\/div>\n<div align=\"center\">tapete de bagd\u00e1 &#8211; carlos galhardo<\/div>\n<div align=\"center\">mulher fingida &#8211; orlando silva e os diabos do c\u00e9u<\/div>\n<div align=\"center\">levante o dedo &#8211; moreira da silva e os diabos do c\u00e9u<\/div>\n<div align=\"center\">formosa mulher &#8211; nelson gon\u00e7alves<\/div>\n<div align=\"center\">armas e os bar\u00f5es &#8211; almirante e os diabos do c\u00e9u<\/div>\n<div align=\"center\">chorei &#8211; silvio caldas e grupo da velha guarda<\/div>\n<div align=\"center\"> <\/div>\n<div align=\"center\"> <\/div>\n","protected":false},"excerpt":{"rendered":"<p>Ol\u00e1! Como voc\u00eas podem ver, meu desejo de postar aqui alguns gaitistas teve que ser adiado Problemas, problemas, problemas&#8230; Como se j\u00e1 n\u00e3o bastasse o caso do meu HD, que aos poucos eu vou recuperando, agora veio mais uma merda. &hellip; <a href=\"https:\/\/www.toque-musicall.com\/?p=954\">Continue lendo <span class=\"meta-nav\">&rarr;<\/span><\/a><\/p>\n","protected":false},"author":1,"featured_media":0,"comment_status":"open","ping_status":"closed","sticky":false,"template":"","format":"standard","meta":{"footnotes":""},"categories":[140,1266,138,226,1268,746,118,1265,85,1267,12],"tags":[],"class_list":["post-954","post","type-post","status-publish","format-standard","hentry","category-almirante","category-bando-da-lua","category-carlos-galhardo","category-cyro-monteiro","category-demonios-do-ceu","category-moreira-da-silva","category-nelson-goncalves","category-odette-amaral","category-orlando-silva","category-robroberto-paiva-franciso-alves","category-silvio-caldas"],"_links":{"self":[{"href":"https:\/\/www.toque-musicall.com\/index.php?rest_route=\/wp\/v2\/posts\/954","targetHints":{"allow":["GET"]}}],"collection":[{"href":"https:\/\/www.toque-musicall.com\/index.php?rest_route=\/wp\/v2\/posts"}],"about":[{"href":"https:\/\/www.toque-musicall.com\/index.php?rest_route=\/wp\/v2\/types\/post"}],"author":[{"embeddable":true,"href":"https:\/\/www.toque-musicall.com\/index.php?rest_route=\/wp\/v2\/users\/1"}],"replies":[{"embeddable":true,"href":"https:\/\/www.toque-musicall.com\/index.php?rest_route=%2Fwp%2Fv2%2Fcomments&post=954"}],"version-history":[{"count":0,"href":"https:\/\/www.toque-musicall.com\/index.php?rest_route=\/wp\/v2\/posts\/954\/revisions"}],"wp:attachment":[{"href":"https:\/\/www.toque-musicall.com\/index.php?rest_route=%2Fwp%2Fv2%2Fmedia&parent=954"}],"wp:term":[{"taxonomy":"category","embeddable":true,"href":"https:\/\/www.toque-musicall.com\/index.php?rest_route=%2Fwp%2Fv2%2Fcategories&post=954"},{"taxonomy":"post_tag","embeddable":true,"href":"https:\/\/www.toque-musicall.com\/index.php?rest_route=%2Fwp%2Fv2%2Ftags&post=954"}],"curies":[{"name":"wp","href":"https:\/\/api.w.org\/{rel}","templated":true}]}}